{"id":30053,"date":"2024-09-21T06:18:14","date_gmt":"2024-09-21T12:18:14","guid":{"rendered":"https:\/\/gerardoduque.com.mx\/?p=30053"},"modified":"2024-09-21T06:18:16","modified_gmt":"2024-09-21T12:18:16","slug":"este-sabado-celebraran-aniversario-del-parque-tangamanga-ii","status":"publish","type":"post","link":"https:\/\/gerardoduque.com.mx\/?p=30053","title":{"rendered":"ESTE S\u00c1BADO, CELEBRAR\u00c1N ANIVERSARIO DEL PARQUE TANGAMANGA II"},"content":{"rendered":"\n<p>En el marco de la conmemoraci\u00f3n del 39 aniversario del parque Tangamanga II, se realiz\u00f3 la invitaci\u00f3n a la poblaci\u00f3n a unirse a la celebraci\u00f3n este s\u00e1bado 21 de septiembre, en punto de las 15:00 horas con una caravana de academias y clubes invitados, desde la ic\u00f3nica fuente del Aut\u00f3dromo San Luis 400, y que terminar\u00e1 en el nuevo Teatro de la Ciudad, donde se llevar\u00e1 a cabo un gran festejo.<\/p>\n\n\n\n<p>Los parques Tangamanga tienen mucho por celebrar, por lo que habr\u00e1 un espect\u00e1culo de acrobacia a cargo de Christian Becerra, adem\u00e1s del Grupo de Gimnasia R\u00edtmica AND Jumping.<\/p>\n\n\n\n<p>Para los aficionados a los motores, habr\u00e1 una exhibici\u00f3n de veh\u00edculos y motocicletas, mientras que la m\u00fasica estar\u00e1 a cargo de un DJ, la participaci\u00f3n del Mariachi de Gobierno del Estado, la voz del talentoso Alex Garc\u00eda y el ritmo contagioso del Grupo de Cumbia Adicci\u00f3n Colombiana.<\/p>\n\n\n\n<p>Este aniversario celebra el presente y futuro del parque Tangamanga II, como un espacio de convivencia y recreaci\u00f3n para los potosinos, as\u00ed como uno de los pulmones verdes m\u00e1s importantes del pa\u00eds.<\/p>\n","protected":false},"excerpt":{"rendered":"<p>El evento comenzar\u00e1 a las 15:00 horas con una caravana y culminar\u00e1 en el Nuevo Teatro de la Ciudad, que ser\u00e1 el escenario de un gran festejo<\/p>\n","protected":false},"author":4,"featured_media":15609,"comment_status":"closed","ping_status":"closed","sticky":false,"template":"","format":"standard","meta":{"_et_pb_use_builder":"off","_et_pb_old_content":"","_et_gb_content_width":"","footnotes":""},"categories":[280],"tags":[401,72,66],"class_list":["post-30053","post","type-post","status-publish","format-standard","has-post-thumbnail","hentry","category-gob-slp","tag-cecurt","tag-gobierno-del-estado","tag-san-luis-potosi"],"_links":{"self":[{"href":"https:\/\/gerardoduque.com.mx\/index.php?rest_route=\/wp\/v2\/posts\/30053","targetHints":{"allow":["GET"]}}],"collection":[{"href":"https:\/\/gerardoduque.com.mx\/index.php?rest_route=\/wp\/v2\/posts"}],"about":[{"href":"https:\/\/gerardoduque.com.mx\/index.php?rest_route=\/wp\/v2\/types\/post"}],"author":[{"embeddable":true,"href":"https:\/\/gerardoduque.com.mx\/index.php?rest_route=\/wp\/v2\/users\/4"}],"replies":[{"embeddable":true,"href":"https:\/\/gerardoduque.com.mx\/index.php?rest_route=%2Fwp%2Fv2%2Fcomments&post=30053"}],"version-history":[{"count":0,"href":"https:\/\/gerardoduque.com.mx\/index.php?rest_route=\/wp\/v2\/posts\/30053\/revisions"}],"wp:featuredmedia":[{"embeddable":true,"href":"https:\/\/gerardoduque.com.mx\/index.php?rest_route=\/wp\/v2\/media\/15609"}],"wp:attachment":[{"href":"https:\/\/gerardoduque.com.mx\/index.php?rest_route=%2Fwp%2Fv2%2Fmedia&parent=30053"}],"wp:term":[{"taxonomy":"category","embeddable":true,"href":"https:\/\/gerardoduque.com.mx\/index.php?rest_route=%2Fwp%2Fv2%2Fcategories&post=30053"},{"taxonomy":"post_tag","embeddable":true,"href":"https:\/\/gerardoduque.com.mx\/index.php?rest_route=%2Fwp%2Fv2%2Ftags&post=30053"}],"curies":[{"name":"wp","href":"https:\/\/api.w.org\/{rel}","templated":true}]}}