{"id":30050,"date":"2024-09-20T12:30:55","date_gmt":"2024-09-20T18:30:55","guid":{"rendered":"https:\/\/gerardoduque.com.mx\/?p=30050"},"modified":"2024-09-20T12:30:57","modified_gmt":"2024-09-20T18:30:57","slug":"mas-de-cuatro-mil-funcionarios-municipales-fueron-capacitados-en-2024","status":"publish","type":"post","link":"https:\/\/gerardoduque.com.mx\/?p=30050","title":{"rendered":"M\u00c1S DE CUATRO MIL FUNCIONARIOS MUNICIPALES FUERON CAPACITADOS EN 2024"},"content":{"rendered":"\n<p>La Coordinaci\u00f3n Estatal para el Fortalecimiento Institucional de los Municipios registr\u00f3 cifras r\u00e9cord en capacitaci\u00f3n durante este 2024, con un total de cuatro mil 466 servidores p\u00fablicos municipales que recibieron cursos y asesor\u00edas gratuitas en diferentes \u00e1reas de la administraci\u00f3n con el objetivo de contar con mejores servicios de los gobiernos locales y acercar m\u00e1s apoyo a las familias de las cuatro regiones.<\/p>\n\n\n\n<p>La CEFIM promovi\u00f3 acciones de coordinaci\u00f3n y vinculaci\u00f3n con la totalidad de los municipios, un proceso de profesionalizaci\u00f3n que contribuye al cumplimiento de las tareas y funciones de las administraciones municipales.<\/p>\n\n\n\n<p>Entre los logros destacan la participaci\u00f3n de 40 municipios en la Gu\u00eda Consultiva de Desempe\u00f1o Municipal, pese al pr\u00f3ximo cambio de alcaldes este 1 de octubre, adem\u00e1s de la asistencia r\u00e9cord de m\u00e1s de 600 funcionarios a la Jornada de Inducci\u00f3n para municipios.<\/p>\n\n\n\n<p>El Gobierno del Estado respalda a los municipios mediante diferentes programas como: p\u00e1gina web, certificaci\u00f3n municipal, consulta p\u00fablica a las personas con discapacidad, declaraci\u00f3n de situaci\u00f3n patrimonial inicio y conclusi\u00f3n de encargo, conferencias en materia ambiental, programa de implementaci\u00f3n de la pol\u00edtica estatal anticorrupci\u00f3n y la declaraci\u00f3n patrimonial, obligaciones penales en libertad y sus implicaciones, aunado a una agenda de capacitaci\u00f3n y asesor\u00eda gratuita para los municipios potosinos.<\/p>\n","protected":false},"excerpt":{"rendered":"<p>De enero a septiembre, la CEFIM brind\u00f3 apoyo a cuatro mil 466 personas servidoras p\u00fablicas<\/p>\n","protected":false},"author":4,"featured_media":29918,"comment_status":"closed","ping_status":"closed","sticky":false,"template":"","format":"standard","meta":{"_et_pb_use_builder":"off","_et_pb_old_content":"","_et_gb_content_width":"","footnotes":""},"categories":[280],"tags":[209,72,66],"class_list":["post-30050","post","type-post","status-publish","format-standard","has-post-thumbnail","hentry","category-gob-slp","tag-cefim","tag-gobierno-del-estado","tag-san-luis-potosi"],"_links":{"self":[{"href":"https:\/\/gerardoduque.com.mx\/index.php?rest_route=\/wp\/v2\/posts\/30050","targetHints":{"allow":["GET"]}}],"collection":[{"href":"https:\/\/gerardoduque.com.mx\/index.php?rest_route=\/wp\/v2\/posts"}],"about":[{"href":"https:\/\/gerardoduque.com.mx\/index.php?rest_route=\/wp\/v2\/types\/post"}],"author":[{"embeddable":true,"href":"https:\/\/gerardoduque.com.mx\/index.php?rest_route=\/wp\/v2\/users\/4"}],"replies":[{"embeddable":true,"href":"https:\/\/gerardoduque.com.mx\/index.php?rest_route=%2Fwp%2Fv2%2Fcomments&post=30050"}],"version-history":[{"count":0,"href":"https:\/\/gerardoduque.com.mx\/index.php?rest_route=\/wp\/v2\/posts\/30050\/revisions"}],"wp:featuredmedia":[{"embeddable":true,"href":"https:\/\/gerardoduque.com.mx\/index.php?rest_route=\/wp\/v2\/media\/29918"}],"wp:attachment":[{"href":"https:\/\/gerardoduque.com.mx\/index.php?rest_route=%2Fwp%2Fv2%2Fmedia&parent=30050"}],"wp:term":[{"taxonomy":"category","embeddable":true,"href":"https:\/\/gerardoduque.com.mx\/index.php?rest_route=%2Fwp%2Fv2%2Fcategories&post=30050"},{"taxonomy":"post_tag","embeddable":true,"href":"https:\/\/gerardoduque.com.mx\/index.php?rest_route=%2Fwp%2Fv2%2Ftags&post=30050"}],"curies":[{"name":"wp","href":"https:\/\/api.w.org\/{rel}","templated":true}]}}