{"id":30041,"date":"2024-09-20T12:11:38","date_gmt":"2024-09-20T18:11:38","guid":{"rendered":"https:\/\/gerardoduque.com.mx\/?p=30041"},"modified":"2024-09-20T12:11:41","modified_gmt":"2024-09-20T18:11:41","slug":"slp-participa-en-el-dialogo-nacional-mujeres-construyendo-paz","status":"publish","type":"post","link":"https:\/\/gerardoduque.com.mx\/?p=30041","title":{"rendered":"SLP PARTICIPA EN EL DI\u00c1LOGO NACIONAL \u201cMUJERES CONSTRUYENDO PAZ\u201d"},"content":{"rendered":"\n<p>El Instituto de las Mujeres del Estado particip\u00f3 en el encuentro nacional \u201cMujeres Construyendo Paz\u201d, organizado por el Instituto Nacional de las Mujeres en colaboraci\u00f3n con ONU Mujeres en M\u00e9xico, destacando a las mujeres potosinas como transformadoras y constructoras de paz en sus comunidades.<\/p>\n\n\n\n<p>La titular del Imes asisti\u00f3 al encuentro celebrado en la Ciudad de M\u00e9xico, para destacar el trabajo que realizan los 30 grupos de participaci\u00f3n comunitaria, a trav\u00e9s de las Redes Mujeres Constructoras de Paz integradas por 315 potosinas, instalados en 13 municipios.<\/p>\n\n\n\n<p>En el encuentro participaron 17 mujeres de Soledad de Graciano S\u00e1nchez, Cerritos, Mexquitic de Carmona, Santa Mar\u00eda del R\u00edo y la capital, quienes compartieron durante las mesas de trabajo sus experiencias en la recuperaci\u00f3n de los espacios p\u00fablicos y generaci\u00f3n de cambio culturales a favor de la libre movilidad de las ni\u00f1as, adolescentes y mujeres de las comunidades al crear entornos libres de violencia.<\/p>\n","protected":false},"excerpt":{"rendered":"<p>Durante el evento, se destac\u00f3 el trabajo de 315 potosinas de las Redes Mujeres Constructoras de Paz para recuperar espacios p\u00fablicos<\/p>\n","protected":false},"author":4,"featured_media":30042,"comment_status":"closed","ping_status":"closed","sticky":false,"template":"","format":"standard","meta":{"_et_pb_use_builder":"off","_et_pb_old_content":"","_et_gb_content_width":"","footnotes":""},"categories":[280],"tags":[72,70,66],"class_list":["post-30041","post","type-post","status-publish","format-standard","has-post-thumbnail","hentry","category-gob-slp","tag-gobierno-del-estado","tag-imes","tag-san-luis-potosi"],"_links":{"self":[{"href":"https:\/\/gerardoduque.com.mx\/index.php?rest_route=\/wp\/v2\/posts\/30041","targetHints":{"allow":["GET"]}}],"collection":[{"href":"https:\/\/gerardoduque.com.mx\/index.php?rest_route=\/wp\/v2\/posts"}],"about":[{"href":"https:\/\/gerardoduque.com.mx\/index.php?rest_route=\/wp\/v2\/types\/post"}],"author":[{"embeddable":true,"href":"https:\/\/gerardoduque.com.mx\/index.php?rest_route=\/wp\/v2\/users\/4"}],"replies":[{"embeddable":true,"href":"https:\/\/gerardoduque.com.mx\/index.php?rest_route=%2Fwp%2Fv2%2Fcomments&post=30041"}],"version-history":[{"count":0,"href":"https:\/\/gerardoduque.com.mx\/index.php?rest_route=\/wp\/v2\/posts\/30041\/revisions"}],"wp:featuredmedia":[{"embeddable":true,"href":"https:\/\/gerardoduque.com.mx\/index.php?rest_route=\/wp\/v2\/media\/30042"}],"wp:attachment":[{"href":"https:\/\/gerardoduque.com.mx\/index.php?rest_route=%2Fwp%2Fv2%2Fmedia&parent=30041"}],"wp:term":[{"taxonomy":"category","embeddable":true,"href":"https:\/\/gerardoduque.com.mx\/index.php?rest_route=%2Fwp%2Fv2%2Fcategories&post=30041"},{"taxonomy":"post_tag","embeddable":true,"href":"https:\/\/gerardoduque.com.mx\/index.php?rest_route=%2Fwp%2Fv2%2Ftags&post=30041"}],"curies":[{"name":"wp","href":"https:\/\/api.w.org\/{rel}","templated":true}]}}