{"id":30034,"date":"2024-09-20T07:13:08","date_gmt":"2024-09-20T13:13:08","guid":{"rendered":"https:\/\/gerardoduque.com.mx\/?p=30034"},"modified":"2024-09-20T07:13:11","modified_gmt":"2024-09-20T13:13:11","slug":"llevan-programa-menstruacion-digna-a-la-region-media","status":"publish","type":"post","link":"https:\/\/gerardoduque.com.mx\/?p=30034","title":{"rendered":"LLEVAN PROGRAMA \u201cMENSTRUACI\u00d3N DIGNA\u201d A LA REGI\u00d3N MEDIA"},"content":{"rendered":"\n<p>Con el prop\u00f3sito de brindar m\u00e1s apoyo a las mujeres en su derecho de vivir su ciclo menstrual de forma saludable y digna, el Sistema Estatal para el Desarrollo Integral de la Familia entreg\u00f3 en Cerritos y Villa Ju\u00e1rez, m\u00e1s de mil kits del Programa Menstruaci\u00f3n Digna, que consisten en un paquete con insumos reutilizables.<\/p>\n\n\n\n<p>El programa es impulsado por la presidenta honoraria del DIF Estatal, Ruth Gonz\u00e1lez Silva y el Gobernador de San Luis Potos\u00ed Ricardo Gallardo Cardona y busca garantizar el acceso gratuito a insumos sanitarios para las personas menstruantes, lo que es un gran apoyo a su econom\u00eda y al medio ambiente.&nbsp;<\/p>\n\n\n\n<p>Para reforzar esta iniciativa, la entrega de los kits es complementada con talleres sobre el autoconocimiento y desarrollo del ciclo menstrual, as\u00ed como sobre la prevenci\u00f3n de embarazos en adolescentes, para orientar a la poblaci\u00f3n sobre el ejercicio de una sexualidad responsable por el bienestar de las mujeres potosinas.<\/p>\n","protected":false},"excerpt":{"rendered":"<p>Las mujeres de Cerritos y Villa Ju\u00e1rez fueron beneficiadas con la entrega gratuita de Kits Menstruales <\/p>\n","protected":false},"author":4,"featured_media":30035,"comment_status":"closed","ping_status":"closed","sticky":false,"template":"","format":"standard","meta":{"_et_pb_use_builder":"off","_et_pb_old_content":"","_et_gb_content_width":"","footnotes":""},"categories":[280],"tags":[180,72,66],"class_list":["post-30034","post","type-post","status-publish","format-standard","has-post-thumbnail","hentry","category-gob-slp","tag-dif-estatal","tag-gobierno-del-estado","tag-san-luis-potosi"],"_links":{"self":[{"href":"https:\/\/gerardoduque.com.mx\/index.php?rest_route=\/wp\/v2\/posts\/30034","targetHints":{"allow":["GET"]}}],"collection":[{"href":"https:\/\/gerardoduque.com.mx\/index.php?rest_route=\/wp\/v2\/posts"}],"about":[{"href":"https:\/\/gerardoduque.com.mx\/index.php?rest_route=\/wp\/v2\/types\/post"}],"author":[{"embeddable":true,"href":"https:\/\/gerardoduque.com.mx\/index.php?rest_route=\/wp\/v2\/users\/4"}],"replies":[{"embeddable":true,"href":"https:\/\/gerardoduque.com.mx\/index.php?rest_route=%2Fwp%2Fv2%2Fcomments&post=30034"}],"version-history":[{"count":0,"href":"https:\/\/gerardoduque.com.mx\/index.php?rest_route=\/wp\/v2\/posts\/30034\/revisions"}],"wp:featuredmedia":[{"embeddable":true,"href":"https:\/\/gerardoduque.com.mx\/index.php?rest_route=\/wp\/v2\/media\/30035"}],"wp:attachment":[{"href":"https:\/\/gerardoduque.com.mx\/index.php?rest_route=%2Fwp%2Fv2%2Fmedia&parent=30034"}],"wp:term":[{"taxonomy":"category","embeddable":true,"href":"https:\/\/gerardoduque.com.mx\/index.php?rest_route=%2Fwp%2Fv2%2Fcategories&post=30034"},{"taxonomy":"post_tag","embeddable":true,"href":"https:\/\/gerardoduque.com.mx\/index.php?rest_route=%2Fwp%2Fv2%2Ftags&post=30034"}],"curies":[{"name":"wp","href":"https:\/\/api.w.org\/{rel}","templated":true}]}}