{"id":30028,"date":"2024-09-20T07:02:59","date_gmt":"2024-09-20T13:02:59","guid":{"rendered":"https:\/\/gerardoduque.com.mx\/?p=30028"},"modified":"2024-09-20T07:03:02","modified_gmt":"2024-09-20T13:03:02","slug":"continua-dialogo-con-docentes-de-telesecundaria","status":"publish","type":"post","link":"https:\/\/gerardoduque.com.mx\/?p=30028","title":{"rendered":"CONTIN\u00daA DI\u00c1LOGO CON DOCENTES DE TELESECUNDARIA"},"content":{"rendered":"\n<p>La Secretar\u00eda de Educaci\u00f3n de Gobierno del Estado continua con mesas de trabajo y di\u00e1logo permanente para garantizar los derechos de los docentes de nivel telesecundaria.<\/p>\n\n\n\n<p>En una reuni\u00f3n con jefes de sector escolar de las cuatro zonas, se dio a conocer informaci\u00f3n puntual y clara de lo trabajos de gesti\u00f3n realizados ante el Gobierno de M\u00e9xico, as\u00ed como el estatus que se tienen en las demandas de laudos laborales y la importancia de que los docentes cumplan con sus jornadas laborales.<\/p>\n\n\n\n<p>El titular de la dependencia record\u00f3 que la comisi\u00f3n integrada por la SEGE, docentes, representaci\u00f3n sindical se mantendr\u00e1 en contacto directo con las autoridades federales para continuar con las gestiones que se han hecho hasta el momento, sin afectar el servicio educativo que exigen los padres de familia.<\/p>\n\n\n\n<p>Finalmente, los jefes de sector manifestaron su acuerdo en seguir con esta l\u00ednea de trabajo respetuosa, permanente y abierta, para as\u00ed poder dar una informaci\u00f3n precisa y clara a las y los maestros frente a grupo a fin de que el canal de comunicaci\u00f3n se mantenga sin distracciones pol\u00edticas ni intereses ajenos a las demandas iniciales.<\/p>\n","protected":false},"excerpt":{"rendered":"<p>Continuan mesas de trabajo y di\u00e1logo para garantizar los derechos de los docentes de nivel telesecundaria.<\/p>\n","protected":false},"author":4,"featured_media":30029,"comment_status":"closed","ping_status":"closed","sticky":false,"template":"","format":"standard","meta":{"_et_pb_use_builder":"off","_et_pb_old_content":"","_et_gb_content_width":"","footnotes":""},"categories":[280],"tags":[72,66,196],"class_list":["post-30028","post","type-post","status-publish","format-standard","has-post-thumbnail","hentry","category-gob-slp","tag-gobierno-del-estado","tag-san-luis-potosi","tag-sege"],"_links":{"self":[{"href":"https:\/\/gerardoduque.com.mx\/index.php?rest_route=\/wp\/v2\/posts\/30028","targetHints":{"allow":["GET"]}}],"collection":[{"href":"https:\/\/gerardoduque.com.mx\/index.php?rest_route=\/wp\/v2\/posts"}],"about":[{"href":"https:\/\/gerardoduque.com.mx\/index.php?rest_route=\/wp\/v2\/types\/post"}],"author":[{"embeddable":true,"href":"https:\/\/gerardoduque.com.mx\/index.php?rest_route=\/wp\/v2\/users\/4"}],"replies":[{"embeddable":true,"href":"https:\/\/gerardoduque.com.mx\/index.php?rest_route=%2Fwp%2Fv2%2Fcomments&post=30028"}],"version-history":[{"count":0,"href":"https:\/\/gerardoduque.com.mx\/index.php?rest_route=\/wp\/v2\/posts\/30028\/revisions"}],"wp:featuredmedia":[{"embeddable":true,"href":"https:\/\/gerardoduque.com.mx\/index.php?rest_route=\/wp\/v2\/media\/30029"}],"wp:attachment":[{"href":"https:\/\/gerardoduque.com.mx\/index.php?rest_route=%2Fwp%2Fv2%2Fmedia&parent=30028"}],"wp:term":[{"taxonomy":"category","embeddable":true,"href":"https:\/\/gerardoduque.com.mx\/index.php?rest_route=%2Fwp%2Fv2%2Fcategories&post=30028"},{"taxonomy":"post_tag","embeddable":true,"href":"https:\/\/gerardoduque.com.mx\/index.php?rest_route=%2Fwp%2Fv2%2Ftags&post=30028"}],"curies":[{"name":"wp","href":"https:\/\/api.w.org\/{rel}","templated":true}]}}