{"id":30024,"date":"2024-09-19T12:49:58","date_gmt":"2024-09-19T18:49:58","guid":{"rendered":"https:\/\/gerardoduque.com.mx\/?p=30024"},"modified":"2024-09-19T12:50:01","modified_gmt":"2024-09-19T18:50:01","slug":"promueven-emprendimiento-sostenible-entre-personas-originarias-de-pueblos-originarios","status":"publish","type":"post","link":"https:\/\/gerardoduque.com.mx\/?p=30024","title":{"rendered":"PROMUEVEN EMPRENDIMIENTO SOSTENIBLE ENTRE PERSONAS ORIGINARIAS DE PUEBLOS ORIGINARIOS"},"content":{"rendered":"\n<p>El Instituto de Desarrollo Humano y Social de los Pueblos y Comunidades Ind\u00edgenas y la Secretar\u00eda del Trabajo y Previsi\u00f3n Social fortalecen el bienestar econ\u00f3mico sostenible de los pueblos originarios y comunidades Ind\u00edgenas a trav\u00e9s de un programa que promueve la generaci\u00f3n de nuevos emprendimientos o la consolidaci\u00f3n de los negocios establecidos, con un enfoque sostenible y la protecci\u00f3n al medio ambiente.&nbsp;<\/p>\n\n\n\n<p>Con la finalidad de orientar las pol\u00edticas de desarrollo social para llevar m\u00e1s apoyo a la poblaci\u00f3n ind\u00edgena del Estado, las dependencias con ayuda de la Organizaci\u00f3n Internacional del Trabajo impulsan estas acciones con grupos del pueblo Xi\u00b4iuy norte y sur de Ciudad del Ma\u00edz, Ray\u00f3n, Santa Catarina y Tamasopo.&nbsp;<\/p>\n\n\n\n<p>El titular del Indepi inform\u00f3 la administraci\u00f3n estatal fortalecer\u00e1 la econom\u00eda, promoviendo el cuidado del medio ambiente y consolidar\u00e1 proyectos productivos para los pueblos originarios, que les generen ingresos.<\/p>\n\n\n\n<p>Las capacitaciones son de manera virtual para personas que quieren iniciar un emprendimiento, donde les brindan capacidades para un plan de negocio viable, y para quienes son personas empresarias que cuentan con una micro o peque\u00f1a empresa a quienes brindan las capacidades de dise\u00f1ar un plan para impulsar t\u00e9cnicas de producci\u00f3n m\u00e1s limpias, as\u00ed como la producci\u00f3n y demanda de bienes y servicios verdes.<\/p>\n","protected":false},"excerpt":{"rendered":"<p>Se llevan a cabo capacitaciones dirigidas a pueblos y comunidades a sentadas en el Estado.<\/p>\n","protected":false},"author":4,"featured_media":30025,"comment_status":"closed","ping_status":"closed","sticky":false,"template":"","format":"standard","meta":{"_et_pb_use_builder":"off","_et_pb_old_content":"","_et_gb_content_width":"","footnotes":""},"categories":[280],"tags":[72,395,66],"class_list":["post-30024","post","type-post","status-publish","format-standard","has-post-thumbnail","hentry","category-gob-slp","tag-gobierno-del-estado","tag-indepi","tag-san-luis-potosi"],"_links":{"self":[{"href":"https:\/\/gerardoduque.com.mx\/index.php?rest_route=\/wp\/v2\/posts\/30024","targetHints":{"allow":["GET"]}}],"collection":[{"href":"https:\/\/gerardoduque.com.mx\/index.php?rest_route=\/wp\/v2\/posts"}],"about":[{"href":"https:\/\/gerardoduque.com.mx\/index.php?rest_route=\/wp\/v2\/types\/post"}],"author":[{"embeddable":true,"href":"https:\/\/gerardoduque.com.mx\/index.php?rest_route=\/wp\/v2\/users\/4"}],"replies":[{"embeddable":true,"href":"https:\/\/gerardoduque.com.mx\/index.php?rest_route=%2Fwp%2Fv2%2Fcomments&post=30024"}],"version-history":[{"count":0,"href":"https:\/\/gerardoduque.com.mx\/index.php?rest_route=\/wp\/v2\/posts\/30024\/revisions"}],"wp:featuredmedia":[{"embeddable":true,"href":"https:\/\/gerardoduque.com.mx\/index.php?rest_route=\/wp\/v2\/media\/30025"}],"wp:attachment":[{"href":"https:\/\/gerardoduque.com.mx\/index.php?rest_route=%2Fwp%2Fv2%2Fmedia&parent=30024"}],"wp:term":[{"taxonomy":"category","embeddable":true,"href":"https:\/\/gerardoduque.com.mx\/index.php?rest_route=%2Fwp%2Fv2%2Fcategories&post=30024"},{"taxonomy":"post_tag","embeddable":true,"href":"https:\/\/gerardoduque.com.mx\/index.php?rest_route=%2Fwp%2Fv2%2Ftags&post=30024"}],"curies":[{"name":"wp","href":"https:\/\/api.w.org\/{rel}","templated":true}]}}