{"id":29991,"date":"2024-09-18T12:51:05","date_gmt":"2024-09-18T18:51:05","guid":{"rendered":"https:\/\/gerardoduque.com.mx\/?p=29991"},"modified":"2024-09-18T12:51:08","modified_gmt":"2024-09-18T18:51:08","slug":"conmemoran-trayectoria-artistica-del-doctor-chessani","status":"publish","type":"post","link":"https:\/\/gerardoduque.com.mx\/?p=29991","title":{"rendered":"CONMEMORAN TRAYECTORIA ART\u00cdSTICA DEL DOCTOR CHESSANI"},"content":{"rendered":"\n<p>La Secretar\u00eda de Cultura de Gobierno del Estado y el Comit\u00e9 Ciudadano \u201cAmigos de Chessani\u201d, realizaron una gala de homenaje al doctor El\u00edas Naif Chessani por sus 40 a\u00f1os de trayectoria y difusi\u00f3n en la m\u00fasica tradicional, internacionalizando el denominado son arribe\u00f1o y huasteco, entre otros g\u00e9neros, a trav\u00e9s de la danza, el canto y la m\u00fasica.&nbsp;&nbsp;<\/p>\n\n\n\n<p>El titular de Secult dijo que es muy significativo reconocer a las y los artistas potosinos, como El\u00edas Chessani, quien es un referente de la m\u00fasica tradicional y que en 40 a\u00f1os ha acercado los sonidos aut\u00f3ctonos de su tierra complementados con su inspiraci\u00f3n po\u00e9tica, \u201cm\u00e1s all\u00e1 de las fronteras, representando con orgullo a su Estado tanto a nivel nacional como internacional\u201d.<\/p>\n\n\n\n<p>Rindieron homenaje el Grupo de Danza Folcl\u00f3rica Xochiquetzal, del Instituto Potosino de Bellas Artes; el Grupo Yolotecuani de Tixtla, Guerrero; el bar\u00edtono Diego Alcantar, acompa\u00f1ado por el Mariachi del Gobierno del Estado; Ram\u00f3n Ch\u00e1vez, el Jaranero de Tampico y el tenor Luis Jos\u00e9.<\/p>\n\n\n\n<p>Para cerrar el evento, el grupo, doctor Chessani y sus Huapangueros de Rioverde, realiz\u00f3 su presentaci\u00f3n de gala realizando una significativa presentaci\u00f3n del Son Arribe\u00f1o y Huasteco.<\/p>\n","protected":false},"excerpt":{"rendered":"<p>La Secretar\u00eda de Cultura y el Comit\u00e9 Ciudadano \u201cAmigos de Chessani\u201d realizan gala de homenaje a El\u00edas Naif Chessani por la difusi\u00f3n de m\u00fasica tradicional<\/p>\n","protected":false},"author":4,"featured_media":29992,"comment_status":"closed","ping_status":"closed","sticky":false,"template":"","format":"standard","meta":{"_et_pb_use_builder":"off","_et_pb_old_content":"","_et_gb_content_width":"","footnotes":""},"categories":[280],"tags":[72,66,200],"class_list":["post-29991","post","type-post","status-publish","format-standard","has-post-thumbnail","hentry","category-gob-slp","tag-gobierno-del-estado","tag-san-luis-potosi","tag-secult"],"_links":{"self":[{"href":"https:\/\/gerardoduque.com.mx\/index.php?rest_route=\/wp\/v2\/posts\/29991","targetHints":{"allow":["GET"]}}],"collection":[{"href":"https:\/\/gerardoduque.com.mx\/index.php?rest_route=\/wp\/v2\/posts"}],"about":[{"href":"https:\/\/gerardoduque.com.mx\/index.php?rest_route=\/wp\/v2\/types\/post"}],"author":[{"embeddable":true,"href":"https:\/\/gerardoduque.com.mx\/index.php?rest_route=\/wp\/v2\/users\/4"}],"replies":[{"embeddable":true,"href":"https:\/\/gerardoduque.com.mx\/index.php?rest_route=%2Fwp%2Fv2%2Fcomments&post=29991"}],"version-history":[{"count":0,"href":"https:\/\/gerardoduque.com.mx\/index.php?rest_route=\/wp\/v2\/posts\/29991\/revisions"}],"wp:featuredmedia":[{"embeddable":true,"href":"https:\/\/gerardoduque.com.mx\/index.php?rest_route=\/wp\/v2\/media\/29992"}],"wp:attachment":[{"href":"https:\/\/gerardoduque.com.mx\/index.php?rest_route=%2Fwp%2Fv2%2Fmedia&parent=29991"}],"wp:term":[{"taxonomy":"category","embeddable":true,"href":"https:\/\/gerardoduque.com.mx\/index.php?rest_route=%2Fwp%2Fv2%2Fcategories&post=29991"},{"taxonomy":"post_tag","embeddable":true,"href":"https:\/\/gerardoduque.com.mx\/index.php?rest_route=%2Fwp%2Fv2%2Ftags&post=29991"}],"curies":[{"name":"wp","href":"https:\/\/api.w.org\/{rel}","templated":true}]}}