{"id":29984,"date":"2024-09-18T06:44:01","date_gmt":"2024-09-18T12:44:01","guid":{"rendered":"https:\/\/gerardoduque.com.mx\/?p=29984"},"modified":"2024-09-18T06:44:04","modified_gmt":"2024-09-18T12:44:04","slug":"inauguran-nueva-area-recreativa-en-villa-de-pozos","status":"publish","type":"post","link":"https:\/\/gerardoduque.com.mx\/?p=29984","title":{"rendered":"INAUGURAN NUEVA \u00c1REA RECREATIVA EN VILLA DE POZOS"},"content":{"rendered":"\n<p>Este martes, el Gobernador de San Luis Potos\u00ed Ricardo Gallardo Cardona, inaugur\u00f3 una nueva \u00e1rea recreativa en Jardines del Rosario, con una inversi\u00f3n p\u00fablica de m\u00e1s de nueve millones de pesos, con lo que ahora m\u00e1s 20 mil habitantes, ni\u00f1os y j\u00f3venes del nuevo municipio de Villa de Pozos, disfrutar\u00e1n de un espacio moderno, seguro y de calidad.<\/p>\n\n\n\n<p>Los habitantes disfrutar\u00e1n de una nueva \u00e1rea recreativa con diferentes espacios inclusivos como la explanada, el sal\u00f3n de usos m\u00faltiples, juegos infantiles con accesibilidad para las infancias, cancha de usos m\u00faltiples para diferentes deportes, gimnasio al aire libre, \u00e1rea trota pista, sanitarios, entre otros.<\/p>\n\n\n\n<p>Ante los asistentes que se mostraron muy contentos por contar con una nueva \u00e1rea moderna para el sano esparcimiento, el Mandatario Estatal, reafirm\u00f3 su compromiso por avanzar en la transformaci\u00f3n del Estado, con espacios para fortalecer el deporte, la convivencia de las familias, ampliar el apoyo a la juventud potosina y fomentar espacios sanos para alejarlos de temas como adicciones y delincuencia.<\/p>\n","protected":false},"excerpt":{"rendered":"<p>Esta nueva \u00e1rea recreativa cuenta con diferentes espacios inclusivos como la explanada, el sal\u00f3n de usos m\u00faltiples, juegos infantiles con accesibilidad para las infancias, entre otras.<\/p>\n","protected":false},"author":4,"featured_media":29985,"comment_status":"closed","ping_status":"closed","sticky":false,"template":"","format":"standard","meta":{"_et_pb_use_builder":"off","_et_pb_old_content":"","_et_gb_content_width":"","footnotes":""},"categories":[280],"tags":[72,66],"class_list":["post-29984","post","type-post","status-publish","format-standard","has-post-thumbnail","hentry","category-gob-slp","tag-gobierno-del-estado","tag-san-luis-potosi"],"_links":{"self":[{"href":"https:\/\/gerardoduque.com.mx\/index.php?rest_route=\/wp\/v2\/posts\/29984","targetHints":{"allow":["GET"]}}],"collection":[{"href":"https:\/\/gerardoduque.com.mx\/index.php?rest_route=\/wp\/v2\/posts"}],"about":[{"href":"https:\/\/gerardoduque.com.mx\/index.php?rest_route=\/wp\/v2\/types\/post"}],"author":[{"embeddable":true,"href":"https:\/\/gerardoduque.com.mx\/index.php?rest_route=\/wp\/v2\/users\/4"}],"replies":[{"embeddable":true,"href":"https:\/\/gerardoduque.com.mx\/index.php?rest_route=%2Fwp%2Fv2%2Fcomments&post=29984"}],"version-history":[{"count":0,"href":"https:\/\/gerardoduque.com.mx\/index.php?rest_route=\/wp\/v2\/posts\/29984\/revisions"}],"wp:featuredmedia":[{"embeddable":true,"href":"https:\/\/gerardoduque.com.mx\/index.php?rest_route=\/wp\/v2\/media\/29985"}],"wp:attachment":[{"href":"https:\/\/gerardoduque.com.mx\/index.php?rest_route=%2Fwp%2Fv2%2Fmedia&parent=29984"}],"wp:term":[{"taxonomy":"category","embeddable":true,"href":"https:\/\/gerardoduque.com.mx\/index.php?rest_route=%2Fwp%2Fv2%2Fcategories&post=29984"},{"taxonomy":"post_tag","embeddable":true,"href":"https:\/\/gerardoduque.com.mx\/index.php?rest_route=%2Fwp%2Fv2%2Ftags&post=29984"}],"curies":[{"name":"wp","href":"https:\/\/api.w.org\/{rel}","templated":true}]}}