{"id":29982,"date":"2024-09-18T06:37:49","date_gmt":"2024-09-18T12:37:49","guid":{"rendered":"https:\/\/gerardoduque.com.mx\/?p=29982"},"modified":"2024-09-18T06:37:52","modified_gmt":"2024-09-18T12:37:52","slug":"promueven-campana-de-vacunacion-en-294-escuelas","status":"publish","type":"post","link":"https:\/\/gerardoduque.com.mx\/?p=29982","title":{"rendered":"PROMUEVEN CAMPA\u00d1A DE VACUNACI\u00d3N EN 294 ESCUELAS"},"content":{"rendered":"\n<p>Para brindar m\u00e1s apoyo a las estudiantes de quinto y sexto grado de primaria, el Sistema Educativo Estatal Regular promueve la campa\u00f1a de Vacunaci\u00f3n contra el Virus del Papiloma Humano que realiza los Servicios de Salud en el Estado en sus 294 escuelas primarias, tanto p\u00fablicas como privadas.<\/p>\n\n\n\n<p>El SEER extendi\u00f3 el programa de vacunaci\u00f3n del 9 de septiembre al 8 de diciembre en primarias p\u00fablicas y privadas. El titular de la dependencia destac\u00f3 que las escuelas son el lugar ideal para mejorar la salud de los ni\u00f1os, ya que es donde pasan buena parte de su d\u00eda y aprenden c\u00f3mo protegerse de las enfermedades.<\/p>\n\n\n\n<p>La campa\u00f1a busca inmunizar a las ni\u00f1as de quinto grado de primaria, a las estudiantes rezagadas de sexto a\u00f1o que no recibieron la vacuna en su momento, y a ni\u00f1as de 11 a\u00f1os que no est\u00e1n escolarizadas.<\/p>\n","protected":false},"excerpt":{"rendered":"<p>Estar\u00e1 vigente del 9 de septiembre al 8 de diciembre en primarias p\u00fablicas y privadas<\/p>\n","protected":false},"author":4,"featured_media":29932,"comment_status":"closed","ping_status":"closed","sticky":false,"template":"","format":"standard","meta":{"_et_pb_use_builder":"off","_et_pb_old_content":"","_et_gb_content_width":"","footnotes":""},"categories":[280],"tags":[72,66,248],"class_list":["post-29982","post","type-post","status-publish","format-standard","has-post-thumbnail","hentry","category-gob-slp","tag-gobierno-del-estado","tag-san-luis-potosi","tag-seer"],"_links":{"self":[{"href":"https:\/\/gerardoduque.com.mx\/index.php?rest_route=\/wp\/v2\/posts\/29982","targetHints":{"allow":["GET"]}}],"collection":[{"href":"https:\/\/gerardoduque.com.mx\/index.php?rest_route=\/wp\/v2\/posts"}],"about":[{"href":"https:\/\/gerardoduque.com.mx\/index.php?rest_route=\/wp\/v2\/types\/post"}],"author":[{"embeddable":true,"href":"https:\/\/gerardoduque.com.mx\/index.php?rest_route=\/wp\/v2\/users\/4"}],"replies":[{"embeddable":true,"href":"https:\/\/gerardoduque.com.mx\/index.php?rest_route=%2Fwp%2Fv2%2Fcomments&post=29982"}],"version-history":[{"count":0,"href":"https:\/\/gerardoduque.com.mx\/index.php?rest_route=\/wp\/v2\/posts\/29982\/revisions"}],"wp:featuredmedia":[{"embeddable":true,"href":"https:\/\/gerardoduque.com.mx\/index.php?rest_route=\/wp\/v2\/media\/29932"}],"wp:attachment":[{"href":"https:\/\/gerardoduque.com.mx\/index.php?rest_route=%2Fwp%2Fv2%2Fmedia&parent=29982"}],"wp:term":[{"taxonomy":"category","embeddable":true,"href":"https:\/\/gerardoduque.com.mx\/index.php?rest_route=%2Fwp%2Fv2%2Fcategories&post=29982"},{"taxonomy":"post_tag","embeddable":true,"href":"https:\/\/gerardoduque.com.mx\/index.php?rest_route=%2Fwp%2Fv2%2Ftags&post=29982"}],"curies":[{"name":"wp","href":"https:\/\/api.w.org\/{rel}","templated":true}]}}