{"id":29965,"date":"2024-09-17T06:35:47","date_gmt":"2024-09-17T12:35:47","guid":{"rendered":"https:\/\/gerardoduque.com.mx\/?p=29965"},"modified":"2024-09-17T06:35:50","modified_gmt":"2024-09-17T12:35:50","slug":"reportan-saldo-blanco-en-los-festejos-patrios-en-todo-el-estado","status":"publish","type":"post","link":"https:\/\/gerardoduque.com.mx\/?p=29965","title":{"rendered":"REPORTAN SALDO BLANCO EN LOS FESTEJOS PATRIOS EN TODO EL ESTADO"},"content":{"rendered":"\n<p>Luego de la ejecuci\u00f3n del plan operativo de vigilancia implementado por la Secretar\u00eda de Seguridad y Protecci\u00f3n Ciudadana del Estado en los 59 municipios de San Luis Potos\u00ed, se report\u00f3 saldo blanco y sin incidencias durante la celebraci\u00f3n del tradicional Grito de Independencia de M\u00e9xico en su 214 aniversario.<\/p>\n\n\n\n<p>As\u00ed lo confirm\u00f3 el secretario de Seguridad, quien destac\u00f3 que el despliegue del estado de fuerza implementado en coordinaci\u00f3n con los tres \u00f3rdenes de Gobierno en plazas principales del Altiplano, regiones Centro y Media, as\u00ed como la Huasteca, permiti\u00f3 que los potosinos celebraran en orden y sana convivencia, sin alguna incidencia que lamentar.<\/p>\n\n\n\n<p>Durante la ceremonia del Grito de Independencia efectuado en la plaza de Armas de la capital potosina, miles de asistentes pudieron disfrutar en orden y tranquilidad de la verbena popular en un clima de celebraci\u00f3n y patriotismo con la participaci\u00f3n de agentes de la Guardia Civil Estatal, C5i2 e incluso alumnos de la tercera generaci\u00f3n de la academia estatal.<\/p>\n\n\n\n<p>A su vez, oficiales de la Divisi\u00f3n Caminos de la Guardia Civil Estatal desplegados para labores de vigilancia y prevenci\u00f3n, realizaron labores de proximidad social en las carreteras estatales y el reporte preliminar indica que todos los municipios cumplieron con sus festividades en las presidencias municipales en orden y paz.<\/p>\n\n\n\n<p>Ante el monitoreo constante en los 59 municipios, en la capital del Estado y la explanada del Centro Hist\u00f3rico, prevaleci\u00f3 el ambiente familiar y de celebraci\u00f3n, con el objetivo de resguardar primordialmente los espacios p\u00fablicos. Se contempla que, como cierre puntual del despliegue operativo, destaque la participaci\u00f3n del personal de la SSPCE en el Desfile C\u00edvico Militar la ma\u00f1ana del 16 de septiembre por calles de la capital potosina.<\/p>\n","protected":false},"excerpt":{"rendered":"<p>Se report\u00f3 saldo blanco y sin incidencias durante la celebraci\u00f3n del tradicional Grito de Independencia de M\u00e9xico en su 214 aniversario.<\/p>\n","protected":false},"author":4,"featured_media":29966,"comment_status":"closed","ping_status":"closed","sticky":false,"template":"","format":"standard","meta":{"_et_pb_use_builder":"off","_et_pb_old_content":"","_et_gb_content_width":"","footnotes":""},"categories":[280],"tags":[72,66,344],"class_list":["post-29965","post","type-post","status-publish","format-standard","has-post-thumbnail","hentry","category-gob-slp","tag-gobierno-del-estado","tag-san-luis-potosi","tag-secesp"],"_links":{"self":[{"href":"https:\/\/gerardoduque.com.mx\/index.php?rest_route=\/wp\/v2\/posts\/29965","targetHints":{"allow":["GET"]}}],"collection":[{"href":"https:\/\/gerardoduque.com.mx\/index.php?rest_route=\/wp\/v2\/posts"}],"about":[{"href":"https:\/\/gerardoduque.com.mx\/index.php?rest_route=\/wp\/v2\/types\/post"}],"author":[{"embeddable":true,"href":"https:\/\/gerardoduque.com.mx\/index.php?rest_route=\/wp\/v2\/users\/4"}],"replies":[{"embeddable":true,"href":"https:\/\/gerardoduque.com.mx\/index.php?rest_route=%2Fwp%2Fv2%2Fcomments&post=29965"}],"version-history":[{"count":0,"href":"https:\/\/gerardoduque.com.mx\/index.php?rest_route=\/wp\/v2\/posts\/29965\/revisions"}],"wp:featuredmedia":[{"embeddable":true,"href":"https:\/\/gerardoduque.com.mx\/index.php?rest_route=\/wp\/v2\/media\/29966"}],"wp:attachment":[{"href":"https:\/\/gerardoduque.com.mx\/index.php?rest_route=%2Fwp%2Fv2%2Fmedia&parent=29965"}],"wp:term":[{"taxonomy":"category","embeddable":true,"href":"https:\/\/gerardoduque.com.mx\/index.php?rest_route=%2Fwp%2Fv2%2Fcategories&post=29965"},{"taxonomy":"post_tag","embeddable":true,"href":"https:\/\/gerardoduque.com.mx\/index.php?rest_route=%2Fwp%2Fv2%2Ftags&post=29965"}],"curies":[{"name":"wp","href":"https:\/\/api.w.org\/{rel}","templated":true}]}}