{"id":29956,"date":"2024-09-17T06:20:25","date_gmt":"2024-09-17T12:20:25","guid":{"rendered":"https:\/\/gerardoduque.com.mx\/?p=29956"},"modified":"2024-09-17T06:20:28","modified_gmt":"2024-09-17T12:20:28","slug":"actualizaran-nomenclatura-y-senaletica-turistica-de-coxclatlan","status":"publish","type":"post","link":"https:\/\/gerardoduque.com.mx\/?p=29956","title":{"rendered":"ACTUALIZAR\u00c1N NOMENCLATURA Y SE\u00d1AL\u00c9TICA TUR\u00cdSTICA DE COXCLATL\u00c1N"},"content":{"rendered":"\n<p>La Secretar\u00eda de Turismo entreg\u00f3 al ayuntamiento de Coxcatl\u00e1n nueva se\u00f1al\u00e9tica tur\u00edstica y urbana, adem\u00e1s del proyecto de pintura de fachadas del primer cuadro de la cabecera municipal, que abarc\u00f3 12 mil metros cuadrados con una inversi\u00f3n de un mill\u00f3n de pesos.<\/p>\n\n\n\n<p>La intenci\u00f3n es mejorar la infraestructura, dignificar a los 59 municipios y detonar su actividad tur\u00edstica, estas acciones tambi\u00e9n se han implementado de manera exitosa en Tierra Nueva y Cerritos, inform\u00f3 la titular de la dependencia.<\/p>\n\n\n\n<p>Adem\u00e1s, se pretende mejorar la orientaci\u00f3n para los turistas, resaltando los principales puntos de inter\u00e9s hist\u00f3rico, cultural y natural. En Coxcatl\u00e1n fueron entregadas 46 nomenclaturas y tres c\u00e9dulas tur\u00edsticas, las cuales permitir\u00e1n a los visitantes explorar y conocer de manera m\u00e1s eficiente los atractivos de la regi\u00f3n, contribuyendo al fortalecimiento de la oferta tur\u00edstica y econ\u00f3mica del municipio.<\/p>\n","protected":false},"excerpt":{"rendered":"<p>A trav\u00e9s de Sectur, se entreg\u00f3 el equipamiento de imagen urbana a este municipio de la Huasteca<\/p>\n","protected":false},"author":4,"featured_media":29957,"comment_status":"closed","ping_status":"closed","sticky":false,"template":"","format":"standard","meta":{"_et_pb_use_builder":"off","_et_pb_old_content":"","_et_gb_content_width":"","footnotes":""},"categories":[280],"tags":[72,66,316],"class_list":["post-29956","post","type-post","status-publish","format-standard","has-post-thumbnail","hentry","category-gob-slp","tag-gobierno-del-estado","tag-san-luis-potosi","tag-sectur"],"_links":{"self":[{"href":"https:\/\/gerardoduque.com.mx\/index.php?rest_route=\/wp\/v2\/posts\/29956","targetHints":{"allow":["GET"]}}],"collection":[{"href":"https:\/\/gerardoduque.com.mx\/index.php?rest_route=\/wp\/v2\/posts"}],"about":[{"href":"https:\/\/gerardoduque.com.mx\/index.php?rest_route=\/wp\/v2\/types\/post"}],"author":[{"embeddable":true,"href":"https:\/\/gerardoduque.com.mx\/index.php?rest_route=\/wp\/v2\/users\/4"}],"replies":[{"embeddable":true,"href":"https:\/\/gerardoduque.com.mx\/index.php?rest_route=%2Fwp%2Fv2%2Fcomments&post=29956"}],"version-history":[{"count":0,"href":"https:\/\/gerardoduque.com.mx\/index.php?rest_route=\/wp\/v2\/posts\/29956\/revisions"}],"wp:featuredmedia":[{"embeddable":true,"href":"https:\/\/gerardoduque.com.mx\/index.php?rest_route=\/wp\/v2\/media\/29957"}],"wp:attachment":[{"href":"https:\/\/gerardoduque.com.mx\/index.php?rest_route=%2Fwp%2Fv2%2Fmedia&parent=29956"}],"wp:term":[{"taxonomy":"category","embeddable":true,"href":"https:\/\/gerardoduque.com.mx\/index.php?rest_route=%2Fwp%2Fv2%2Fcategories&post=29956"},{"taxonomy":"post_tag","embeddable":true,"href":"https:\/\/gerardoduque.com.mx\/index.php?rest_route=%2Fwp%2Fv2%2Ftags&post=29956"}],"curies":[{"name":"wp","href":"https:\/\/api.w.org\/{rel}","templated":true}]}}