{"id":29946,"date":"2024-09-16T08:06:02","date_gmt":"2024-09-16T14:06:02","guid":{"rendered":"https:\/\/gerardoduque.com.mx\/?p=29946"},"modified":"2024-09-16T08:06:04","modified_gmt":"2024-09-16T14:06:04","slug":"avanza-proyecto-de-ruta-alterna-hacia-zona-industrial","status":"publish","type":"post","link":"https:\/\/gerardoduque.com.mx\/?p=29946","title":{"rendered":"AVANZA PROYECTO DE RUTA ALTERNA HACIA ZONA INDUSTRIAL"},"content":{"rendered":"\n<p>La Secretar\u00eda de Desarrollo Urbano, Vivienda y Obras P\u00fablicas inform\u00f3 que avanza favorablemente en el rescate del proyecto de la Ruta Alterna, que va desde prolongaci\u00f3n avenida Ju\u00e1rez hacia Eje 122 y que cruzan las v\u00edas del ferrocarril al sur de la zona metropolitana.<\/p>\n\n\n\n<p>La dependencia prioriza la entrega y puesta en marcha de esta nueva ruta y que brindar\u00e1 m\u00e1s apoyo a miles de usuarios que diariamente se trasladan a la zona industrial. Las labores son visibles, con la totalidad de los ejes columnas para cada claro, iniciando con el montaje de trabes y la construcci\u00f3n de rampas y terracer\u00edas para conectar con el tramo que fue dejado inconcluso.<\/p>\n\n\n\n<p>La funcionaria estatal dijo que ya se est\u00e1 en contacto con la Comisi\u00f3n Federal de Electricidad, a la espera de que se puedan remover las torres de alta tensi\u00f3n atraviesan en este punto y que permitir\u00eda agilizar los trabajos en esta V\u00eda Alterna que ser\u00e1 un alivio para el flujo diario de m\u00e1s del 30 por ciento sobre el tr\u00e1fico en la Carretera 57.<\/p>\n","protected":false},"excerpt":{"rendered":"<p>Se avanza con el montaje de trabes y construcci\u00f3n de rampas.<\/p>\n","protected":false},"author":4,"featured_media":29947,"comment_status":"closed","ping_status":"closed","sticky":false,"template":"","format":"standard","meta":{"_et_pb_use_builder":"off","_et_pb_old_content":"","_et_gb_content_width":"","footnotes":""},"categories":[280],"tags":[72,66,74],"class_list":["post-29946","post","type-post","status-publish","format-standard","has-post-thumbnail","hentry","category-gob-slp","tag-gobierno-del-estado","tag-san-luis-potosi","tag-seduvop"],"_links":{"self":[{"href":"https:\/\/gerardoduque.com.mx\/index.php?rest_route=\/wp\/v2\/posts\/29946","targetHints":{"allow":["GET"]}}],"collection":[{"href":"https:\/\/gerardoduque.com.mx\/index.php?rest_route=\/wp\/v2\/posts"}],"about":[{"href":"https:\/\/gerardoduque.com.mx\/index.php?rest_route=\/wp\/v2\/types\/post"}],"author":[{"embeddable":true,"href":"https:\/\/gerardoduque.com.mx\/index.php?rest_route=\/wp\/v2\/users\/4"}],"replies":[{"embeddable":true,"href":"https:\/\/gerardoduque.com.mx\/index.php?rest_route=%2Fwp%2Fv2%2Fcomments&post=29946"}],"version-history":[{"count":0,"href":"https:\/\/gerardoduque.com.mx\/index.php?rest_route=\/wp\/v2\/posts\/29946\/revisions"}],"wp:featuredmedia":[{"embeddable":true,"href":"https:\/\/gerardoduque.com.mx\/index.php?rest_route=\/wp\/v2\/media\/29947"}],"wp:attachment":[{"href":"https:\/\/gerardoduque.com.mx\/index.php?rest_route=%2Fwp%2Fv2%2Fmedia&parent=29946"}],"wp:term":[{"taxonomy":"category","embeddable":true,"href":"https:\/\/gerardoduque.com.mx\/index.php?rest_route=%2Fwp%2Fv2%2Fcategories&post=29946"},{"taxonomy":"post_tag","embeddable":true,"href":"https:\/\/gerardoduque.com.mx\/index.php?rest_route=%2Fwp%2Fv2%2Ftags&post=29946"}],"curies":[{"name":"wp","href":"https:\/\/api.w.org\/{rel}","templated":true}]}}