{"id":29943,"date":"2024-09-16T08:00:24","date_gmt":"2024-09-16T14:00:24","guid":{"rendered":"https:\/\/gerardoduque.com.mx\/?p=29943"},"modified":"2024-09-16T08:00:27","modified_gmt":"2024-09-16T14:00:27","slug":"inicia-miniserie-estatal-el-profe-de-la-chamba","status":"publish","type":"post","link":"https:\/\/gerardoduque.com.mx\/?p=29943","title":{"rendered":"INICIA MINISERIE ESTATAL \u201cEL PROFE DE LA CHAMBA\u201d"},"content":{"rendered":"\n<p>El Gobierno del Estado busca brindar m\u00e1s apoyo a los j\u00f3venes del Estado, a trav\u00e9s de la miniserie \u201cEl Profe de la Chamba\u201d, producida por la Secretar\u00eda del Trabajo y Previsi\u00f3n Social, el cual es un espacio donde abordar\u00e1n temas relacionados con el empleo, la carrera profesional y el desarrollo personal.<\/p>\n\n\n\n<p>De acuerdo con la dependencia, la intenci\u00f3n es innovar en las formas de acercar servicios a los potosinos, por lo que buscan conectar a las juventudes con oportunidades laborales, brindar consejos y recursos para impulsar sus carreras.<\/p>\n\n\n\n<p>En su primer cap\u00edtulo, \u00abEl Profe de la Chamba\u00bb cuenta con la participaci\u00f3n estelar de Jacobo Payan Espinosa, Presidente del Club de F\u00fatbol Atl\u00e9tico de San Luis, quien compartir\u00e1 su experiencia y conocimientos en el \u00e1mbito laboral. El cap\u00edtulo se puede ver en la siguiente liga <a href=\"https:\/\/www.youtube.com\/watch?v=04J0ttXpKM8\">https:\/\/www.youtube.com\/watch?v=04J0ttXpKM8<\/a>.<\/p>\n","protected":false},"excerpt":{"rendered":"<p>El primer cap\u00edtulo cuenta con la participaci\u00f3n de Jacobo Payan Espinosa, Presidente del Club de F\u00fatbol Atl\u00e9tico de San Luis<\/p>\n","protected":false},"author":4,"featured_media":29944,"comment_status":"closed","ping_status":"closed","sticky":false,"template":"","format":"standard","meta":{"_et_pb_use_builder":"off","_et_pb_old_content":"","_et_gb_content_width":"","footnotes":""},"categories":[280],"tags":[72,66,83],"class_list":["post-29943","post","type-post","status-publish","format-standard","has-post-thumbnail","hentry","category-gob-slp","tag-gobierno-del-estado","tag-san-luis-potosi","tag-stps"],"_links":{"self":[{"href":"https:\/\/gerardoduque.com.mx\/index.php?rest_route=\/wp\/v2\/posts\/29943","targetHints":{"allow":["GET"]}}],"collection":[{"href":"https:\/\/gerardoduque.com.mx\/index.php?rest_route=\/wp\/v2\/posts"}],"about":[{"href":"https:\/\/gerardoduque.com.mx\/index.php?rest_route=\/wp\/v2\/types\/post"}],"author":[{"embeddable":true,"href":"https:\/\/gerardoduque.com.mx\/index.php?rest_route=\/wp\/v2\/users\/4"}],"replies":[{"embeddable":true,"href":"https:\/\/gerardoduque.com.mx\/index.php?rest_route=%2Fwp%2Fv2%2Fcomments&post=29943"}],"version-history":[{"count":0,"href":"https:\/\/gerardoduque.com.mx\/index.php?rest_route=\/wp\/v2\/posts\/29943\/revisions"}],"wp:featuredmedia":[{"embeddable":true,"href":"https:\/\/gerardoduque.com.mx\/index.php?rest_route=\/wp\/v2\/media\/29944"}],"wp:attachment":[{"href":"https:\/\/gerardoduque.com.mx\/index.php?rest_route=%2Fwp%2Fv2%2Fmedia&parent=29943"}],"wp:term":[{"taxonomy":"category","embeddable":true,"href":"https:\/\/gerardoduque.com.mx\/index.php?rest_route=%2Fwp%2Fv2%2Fcategories&post=29943"},{"taxonomy":"post_tag","embeddable":true,"href":"https:\/\/gerardoduque.com.mx\/index.php?rest_route=%2Fwp%2Fv2%2Ftags&post=29943"}],"curies":[{"name":"wp","href":"https:\/\/api.w.org\/{rel}","templated":true}]}}