{"id":29940,"date":"2024-09-16T07:57:21","date_gmt":"2024-09-16T13:57:21","guid":{"rendered":"https:\/\/gerardoduque.com.mx\/?p=29940"},"modified":"2024-09-16T07:57:24","modified_gmt":"2024-09-16T13:57:24","slug":"dependencias-estatales-brindan-servicio-este-16-de-septiembre","status":"publish","type":"post","link":"https:\/\/gerardoduque.com.mx\/?p=29940","title":{"rendered":"DEPENDENCIAS ESTATALES BRINDAN SERVICIO ESTE 16 DE SEPTIEMBRE"},"content":{"rendered":"\n<p>La Oficial\u00eda Mayor del Ejecutivo inform\u00f3 que el 16 de septiembre est\u00e1n garantizados los servicios, ya que se establecieron guardias con personal de confianza en las oficinas de mayor atenci\u00f3n, con la finalidad de seguir prestando los servicios a la ciudadan\u00eda los 365 d\u00edas del a\u00f1o.<\/p>\n\n\n\n<p>Las \u00e1reas operativas como seguridad, Protecci\u00f3n Civil Estatal y servicios de primer contacto permanecer\u00e1n actividad para salvaguardar la integridad f\u00edsica, patrimonial y tranquilidad de los potosinos en las actividades propias que demandan las fiestas patrias por la Independencia de M\u00e9xico.<\/p>\n\n\n\n<p>Especific\u00f3 que como lo establece la Ley Federal del Trabajo, el personal de base tomar\u00e1 este descanso obligatorio, y las dependencias con carga administrativa trabajar\u00e1n a puerta cerrada con personal de confianza para atender situaciones que pudieran surgir.<\/p>\n\n\n\n<p>Reiter\u00f3 que las \u00e1reas de mayor afluencia como oficinas recaudadoras entre otras estar\u00e1n abiertas este d\u00eda, por lo que los potosinos que descansan podr\u00e1n aprovechar el d\u00eda para realizar sus tr\u00e1mites.<\/p>\n","protected":false},"excerpt":{"rendered":"<p>Se establecieron guardias con personal de confianza en oficinas y las \u00e1reas de seguridad, protecci\u00f3n civil y servicios de primer contacto, est\u00e1n activas por completo.<\/p>\n","protected":false},"author":4,"featured_media":29941,"comment_status":"closed","ping_status":"closed","sticky":false,"template":"","format":"standard","meta":{"_et_pb_use_builder":"off","_et_pb_old_content":"","_et_gb_content_width":"","footnotes":""},"categories":[280],"tags":[72,289,66],"class_list":["post-29940","post","type-post","status-publish","format-standard","has-post-thumbnail","hentry","category-gob-slp","tag-gobierno-del-estado","tag-oficialia-mayor","tag-san-luis-potosi"],"_links":{"self":[{"href":"https:\/\/gerardoduque.com.mx\/index.php?rest_route=\/wp\/v2\/posts\/29940","targetHints":{"allow":["GET"]}}],"collection":[{"href":"https:\/\/gerardoduque.com.mx\/index.php?rest_route=\/wp\/v2\/posts"}],"about":[{"href":"https:\/\/gerardoduque.com.mx\/index.php?rest_route=\/wp\/v2\/types\/post"}],"author":[{"embeddable":true,"href":"https:\/\/gerardoduque.com.mx\/index.php?rest_route=\/wp\/v2\/users\/4"}],"replies":[{"embeddable":true,"href":"https:\/\/gerardoduque.com.mx\/index.php?rest_route=%2Fwp%2Fv2%2Fcomments&post=29940"}],"version-history":[{"count":0,"href":"https:\/\/gerardoduque.com.mx\/index.php?rest_route=\/wp\/v2\/posts\/29940\/revisions"}],"wp:featuredmedia":[{"embeddable":true,"href":"https:\/\/gerardoduque.com.mx\/index.php?rest_route=\/wp\/v2\/media\/29941"}],"wp:attachment":[{"href":"https:\/\/gerardoduque.com.mx\/index.php?rest_route=%2Fwp%2Fv2%2Fmedia&parent=29940"}],"wp:term":[{"taxonomy":"category","embeddable":true,"href":"https:\/\/gerardoduque.com.mx\/index.php?rest_route=%2Fwp%2Fv2%2Fcategories&post=29940"},{"taxonomy":"post_tag","embeddable":true,"href":"https:\/\/gerardoduque.com.mx\/index.php?rest_route=%2Fwp%2Fv2%2Ftags&post=29940"}],"curies":[{"name":"wp","href":"https:\/\/api.w.org\/{rel}","templated":true}]}}