{"id":29931,"date":"2024-09-16T07:38:16","date_gmt":"2024-09-16T13:38:16","guid":{"rendered":"https:\/\/gerardoduque.com.mx\/?p=29931"},"modified":"2024-09-16T07:38:18","modified_gmt":"2024-09-16T13:38:18","slug":"inicia-campana-de-vacunacion-contra-vph","status":"publish","type":"post","link":"https:\/\/gerardoduque.com.mx\/?p=29931","title":{"rendered":"INICIA CAMPA\u00d1A DE VACUNACI\u00d3N CONTRA VPH"},"content":{"rendered":"\n<p>Los Servicios de Salud del Estado realizaron el arranque formal de la Jornada Especial de Vacunaci\u00f3n contra Virus de Papiloma Humano (VPH) en escuelas primarias, dirigida a ni\u00f1as de quinto de primaria, con el prop\u00f3sito de continuar con las acciones de prevenci\u00f3n contra el VPH.<\/p>\n\n\n\n<p>La directora de Salud P\u00fablica de los Servicios de Salud dijo que adem\u00e1s de vacunar a ni\u00f1as de quinto de primaria en los centros educativos, contar\u00e1n con vacuna en centros de salud para ni\u00f1as de 11 a\u00f1os no escolarizadas y mujeres cis y transg\u00e9nero portadoras del Virus de Inmunodeficiencia Adquirida (VIH).<\/p>\n\n\n\n<p>En la Jornada estar\u00e1 participando personal de los Servicios de Salud, Servicios de Salud IMSS- Bienestar, el Instituto Mexicano del Seguro Social y el Instituto de Seguridad, Servicios Sociales de los Trabajadores y la Secretar\u00eda de la Defensa Nacional, y cuentan con brigadas especiales que visitar\u00e1n los centros educativos p\u00fablicos y privados de las cuatro regiones del Estado.<\/p>\n","protected":false},"excerpt":{"rendered":"<p>La campa\u00f1a est\u00e1 dirigida a ni\u00f1as de 11 a\u00f1os y tambien para mujeres cis y trans de 11 a 49 a\u00f1os que viven con VIH.<\/p>\n","protected":false},"author":4,"featured_media":29932,"comment_status":"closed","ping_status":"closed","sticky":false,"template":"","format":"standard","meta":{"_et_pb_use_builder":"off","_et_pb_old_content":"","_et_gb_content_width":"","footnotes":""},"categories":[280],"tags":[72,66,217],"class_list":["post-29931","post","type-post","status-publish","format-standard","has-post-thumbnail","hentry","category-gob-slp","tag-gobierno-del-estado","tag-san-luis-potosi","tag-ssa"],"_links":{"self":[{"href":"https:\/\/gerardoduque.com.mx\/index.php?rest_route=\/wp\/v2\/posts\/29931","targetHints":{"allow":["GET"]}}],"collection":[{"href":"https:\/\/gerardoduque.com.mx\/index.php?rest_route=\/wp\/v2\/posts"}],"about":[{"href":"https:\/\/gerardoduque.com.mx\/index.php?rest_route=\/wp\/v2\/types\/post"}],"author":[{"embeddable":true,"href":"https:\/\/gerardoduque.com.mx\/index.php?rest_route=\/wp\/v2\/users\/4"}],"replies":[{"embeddable":true,"href":"https:\/\/gerardoduque.com.mx\/index.php?rest_route=%2Fwp%2Fv2%2Fcomments&post=29931"}],"version-history":[{"count":0,"href":"https:\/\/gerardoduque.com.mx\/index.php?rest_route=\/wp\/v2\/posts\/29931\/revisions"}],"wp:featuredmedia":[{"embeddable":true,"href":"https:\/\/gerardoduque.com.mx\/index.php?rest_route=\/wp\/v2\/media\/29932"}],"wp:attachment":[{"href":"https:\/\/gerardoduque.com.mx\/index.php?rest_route=%2Fwp%2Fv2%2Fmedia&parent=29931"}],"wp:term":[{"taxonomy":"category","embeddable":true,"href":"https:\/\/gerardoduque.com.mx\/index.php?rest_route=%2Fwp%2Fv2%2Fcategories&post=29931"},{"taxonomy":"post_tag","embeddable":true,"href":"https:\/\/gerardoduque.com.mx\/index.php?rest_route=%2Fwp%2Fv2%2Ftags&post=29931"}],"curies":[{"name":"wp","href":"https:\/\/api.w.org\/{rel}","templated":true}]}}