{"id":29926,"date":"2024-09-15T07:58:01","date_gmt":"2024-09-15T13:58:01","guid":{"rendered":"https:\/\/gerardoduque.com.mx\/?p=29926"},"modified":"2024-09-15T07:58:03","modified_gmt":"2024-09-15T13:58:03","slug":"22-mdp-han-sido-invertidos-en-potenciar-la-zona-media-gobierno-del-estado","status":"publish","type":"post","link":"https:\/\/gerardoduque.com.mx\/?p=29926","title":{"rendered":"22 MDP HAN SIDO INVERTIDOS EN POTENCIAR LA ZONA MEDIA: GOBIERNO DEL ESTADO"},"content":{"rendered":"\n<p>En tres a\u00f1os, el Gobierno del Estado encabezado por Ricardo Gallardo Cardona inform\u00f3 que se han invertido 22 mil millones de pesos en obras de infraestructura para reconstruir la regi\u00f3n Media, con la finalidad de que las familias potosinas tengan mejores condiciones de vida y movilidad, con la pavimentaci\u00f3n de calles y rehabilitaci\u00f3n de caminos.<\/p>\n\n\n\n<p>Los habitantes de Cerritos, ahora cuentan con una vialidad segura, digna y r\u00e1pida, con el nuevo y moderno bulevar, con una longitud de mil 360 metros y un arroyo vehicular de nueve y hasta 12 metros, adem\u00e1s de la instalaci\u00f3n de 800 l\u00e1mparas led que garantizan la paz y tranquilidad de las familias.<\/p>\n\n\n\n<p>Asimismo, 13 comunidades de Ciudad del Ma\u00edz se encuentran actualmente bien comunicadas con la modernizaci\u00f3n del camino de la carretera 80 a la cabecera municipal, por lo que ahora pueden transportarse con mayor seguridad y agilidad, para impulsar el desarrollo productivo agropecuario, comercial y educativo de la regi\u00f3n.<\/p>\n\n\n\n<p>En el municipio de C\u00e1rdenas las familias que habitan en la calle Francisco Villa cuentan con mejores condiciones de vida, con entornos seguros, modernos y con m\u00e1s desarrollo social; y en Ray\u00f3n se construy\u00f3 el \u00e1rea recreativa Las Guapas, en la comunidad del mismo nombre, con juegos infantiles y gimnasio al aire libre, para brindar m\u00e1s apoyo a la sana recreaci\u00f3n, nuevos espacios de convivencia y activaci\u00f3n f\u00edsica.<\/p>\n\n\n\n<p>Con la intenci\u00f3n de promover e intensificar la actividad tur\u00edstica en Rioverde, se realiz\u00f3 la rehabilitaci\u00f3n del andador peatonal Allende, con la resoluci\u00f3n de problemas de a\u00f1os como el drenaje, as\u00ed como la pavimentaci\u00f3n de la calle Morelos, principal v\u00eda de comunicaci\u00f3n que enlaza del bulevar Carlos Jonguitud Barrios hacia el centro de la ciudad.<\/p>\n","protected":false},"excerpt":{"rendered":"<p>De acuerdo con la actual administraci\u00f3n, estos recursos ha sido destinados para obras de infraestructura ejecutados en los diversos municipios de la zona media. <\/p>\n","protected":false},"author":4,"featured_media":29927,"comment_status":"closed","ping_status":"closed","sticky":false,"template":"","format":"standard","meta":{"_et_pb_use_builder":"off","_et_pb_old_content":"","_et_gb_content_width":"","footnotes":""},"categories":[280],"tags":[72,66],"class_list":["post-29926","post","type-post","status-publish","format-standard","has-post-thumbnail","hentry","category-gob-slp","tag-gobierno-del-estado","tag-san-luis-potosi"],"_links":{"self":[{"href":"https:\/\/gerardoduque.com.mx\/index.php?rest_route=\/wp\/v2\/posts\/29926","targetHints":{"allow":["GET"]}}],"collection":[{"href":"https:\/\/gerardoduque.com.mx\/index.php?rest_route=\/wp\/v2\/posts"}],"about":[{"href":"https:\/\/gerardoduque.com.mx\/index.php?rest_route=\/wp\/v2\/types\/post"}],"author":[{"embeddable":true,"href":"https:\/\/gerardoduque.com.mx\/index.php?rest_route=\/wp\/v2\/users\/4"}],"replies":[{"embeddable":true,"href":"https:\/\/gerardoduque.com.mx\/index.php?rest_route=%2Fwp%2Fv2%2Fcomments&post=29926"}],"version-history":[{"count":0,"href":"https:\/\/gerardoduque.com.mx\/index.php?rest_route=\/wp\/v2\/posts\/29926\/revisions"}],"wp:featuredmedia":[{"embeddable":true,"href":"https:\/\/gerardoduque.com.mx\/index.php?rest_route=\/wp\/v2\/media\/29927"}],"wp:attachment":[{"href":"https:\/\/gerardoduque.com.mx\/index.php?rest_route=%2Fwp%2Fv2%2Fmedia&parent=29926"}],"wp:term":[{"taxonomy":"category","embeddable":true,"href":"https:\/\/gerardoduque.com.mx\/index.php?rest_route=%2Fwp%2Fv2%2Fcategories&post=29926"},{"taxonomy":"post_tag","embeddable":true,"href":"https:\/\/gerardoduque.com.mx\/index.php?rest_route=%2Fwp%2Fv2%2Ftags&post=29926"}],"curies":[{"name":"wp","href":"https:\/\/api.w.org\/{rel}","templated":true}]}}