{"id":29923,"date":"2024-09-15T07:51:08","date_gmt":"2024-09-15T13:51:08","guid":{"rendered":"https:\/\/gerardoduque.com.mx\/?p=29923"},"modified":"2024-09-15T07:51:10","modified_gmt":"2024-09-15T13:51:10","slug":"generan-menus-2024-de-los-programas-alimentarios","status":"publish","type":"post","link":"https:\/\/gerardoduque.com.mx\/?p=29923","title":{"rendered":"GENER\u00c1N MEN\u00daS 2024 DE LOS PROGRAMAS ALIMENTARIOS"},"content":{"rendered":"\n<p>El Sistema Estatal para el Desarrollo Integral de la Familia elabor\u00f3 los men\u00fas 2024 de los programas alimentarios, que ser\u00e1n entregados a m\u00e1s de tres mil 700 comit\u00e9s de Alimentaci\u00f3n Escolar, y que contiene preparaciones saludables de acuerdo con los insumos, mensajes saludables y el n\u00famero de porciones recomendadas por grupo de alimentos de acuerdo con el rango de edad, con lo que hay m\u00e1s apoyo a las familias para que accedan a una mejor nutrici\u00f3n.<\/p>\n\n\n\n<p>Este material, que cuenta con la evaluaci\u00f3n del Sistema Nacional DIF, se entregar\u00e1 a los espacios de programas de atenci\u00f3n alimentaria en los primeros mil d\u00edas y atenci\u00f3n alimentaria a grupos prioritarios, y contiene informaci\u00f3n sobre el plato del bien comer, el calendario de verduras y frutas locales de temporada.<\/p>\n\n\n\n<p>La estrategia que elabora la Direcci\u00f3n de Desarrollo Comunitario y Asistencia Alimentaria permitir\u00e1 una preparaci\u00f3n de alimentos m\u00e1s sana, ya que los men\u00fas consideran el uso limitado de az\u00facar, aceite, grasa o sal, el uso de t\u00e9cnicas culinarias saludables, acordes a la cultura de cada regi\u00f3n, as\u00ed como el uso de condimentos naturales y especias regionales.<\/p>\n\n\n\n<p>Adem\u00e1s, los cat\u00e1logos de men\u00fas son reforzados con Gu\u00edas Alimentarias Saludables y Sostenibles, el Plato del Bien Comer, infograf\u00edas de Gu\u00edas Alimentarias, rompecabezas y memoramas, con lo que se busca generar acciones concretas para involucrar a las y los integrantes de las familias en la creaci\u00f3n de mejores h\u00e1bitos alimenticios que permitan un sano desarrollo, con una mejor calidad de vida para todos.<\/p>\n","protected":false},"excerpt":{"rendered":"<p>Los programas alimentarios ser\u00e1n entregados a m\u00e1s de tres mil 700 comit\u00e9s de Alimentaci\u00f3n Escolar de SLP.<\/p>\n","protected":false},"author":4,"featured_media":29924,"comment_status":"closed","ping_status":"closed","sticky":false,"template":"","format":"standard","meta":{"_et_pb_use_builder":"off","_et_pb_old_content":"","_et_gb_content_width":"","footnotes":""},"categories":[280],"tags":[180,72,66],"class_list":["post-29923","post","type-post","status-publish","format-standard","has-post-thumbnail","hentry","category-gob-slp","tag-dif-estatal","tag-gobierno-del-estado","tag-san-luis-potosi"],"_links":{"self":[{"href":"https:\/\/gerardoduque.com.mx\/index.php?rest_route=\/wp\/v2\/posts\/29923","targetHints":{"allow":["GET"]}}],"collection":[{"href":"https:\/\/gerardoduque.com.mx\/index.php?rest_route=\/wp\/v2\/posts"}],"about":[{"href":"https:\/\/gerardoduque.com.mx\/index.php?rest_route=\/wp\/v2\/types\/post"}],"author":[{"embeddable":true,"href":"https:\/\/gerardoduque.com.mx\/index.php?rest_route=\/wp\/v2\/users\/4"}],"replies":[{"embeddable":true,"href":"https:\/\/gerardoduque.com.mx\/index.php?rest_route=%2Fwp%2Fv2%2Fcomments&post=29923"}],"version-history":[{"count":0,"href":"https:\/\/gerardoduque.com.mx\/index.php?rest_route=\/wp\/v2\/posts\/29923\/revisions"}],"wp:featuredmedia":[{"embeddable":true,"href":"https:\/\/gerardoduque.com.mx\/index.php?rest_route=\/wp\/v2\/media\/29924"}],"wp:attachment":[{"href":"https:\/\/gerardoduque.com.mx\/index.php?rest_route=%2Fwp%2Fv2%2Fmedia&parent=29923"}],"wp:term":[{"taxonomy":"category","embeddable":true,"href":"https:\/\/gerardoduque.com.mx\/index.php?rest_route=%2Fwp%2Fv2%2Fcategories&post=29923"},{"taxonomy":"post_tag","embeddable":true,"href":"https:\/\/gerardoduque.com.mx\/index.php?rest_route=%2Fwp%2Fv2%2Ftags&post=29923"}],"curies":[{"name":"wp","href":"https:\/\/api.w.org\/{rel}","templated":true}]}}