{"id":29920,"date":"2024-09-15T07:45:43","date_gmt":"2024-09-15T13:45:43","guid":{"rendered":"https:\/\/gerardoduque.com.mx\/?p=29920"},"modified":"2024-09-15T07:45:46","modified_gmt":"2024-09-15T13:45:46","slug":"brindaran-capacitaciones-laborales-a-mujeres-potosinas","status":"publish","type":"post","link":"https:\/\/gerardoduque.com.mx\/?p=29920","title":{"rendered":"BRINDAR\u00c1N CAPACITACIONES LABORALES A MUJERES POTOSINAS"},"content":{"rendered":"\n<p>El Instituto de Capacitaci\u00f3n para el Trabajo y el Instituto de las Mujeres del Estado firmaron un convenio con el cual se brindar\u00e1n capacitaciones y certificaciones a las potosinas para que puedan emprender o acceder a empleos mejor pagados.<\/p>\n\n\n\n<p>A trav\u00e9s de estas acciones, se busca impulsar el empoderamiento econ\u00f3mico de las potosinas, a trav\u00e9s de este convenio las mujeres acceder\u00e1n mejores oportunidades, lo que les brindar\u00e1 un mayor bienestar para ellas y sus familias.<\/p>\n\n\n\n<p>Entre las actividades que se podr\u00e1n realizar de manera conjunta se encuentran: la formaci\u00f3n, profesionalizaci\u00f3n y certificaci\u00f3n de personas cuidadoras, como la atenci\u00f3n de primeros auxilios, empoderamiento econ\u00f3mico, inclusi\u00f3n en el campo laboral, creaci\u00f3n de peque\u00f1as y medianas empresas, entre otras.<\/p>\n","protected":false},"excerpt":{"rendered":"<p>El Icat y el Imes firmaron un convenio para profesionalizar a las potosinas a fin de que puedan emprender<\/p>\n","protected":false},"author":4,"featured_media":29921,"comment_status":"closed","ping_status":"closed","sticky":false,"template":"","format":"standard","meta":{"_et_pb_use_builder":"off","_et_pb_old_content":"","_et_gb_content_width":"","footnotes":""},"categories":[280],"tags":[72,281,70,66],"class_list":["post-29920","post","type-post","status-publish","format-standard","has-post-thumbnail","hentry","category-gob-slp","tag-gobierno-del-estado","tag-icat","tag-imes","tag-san-luis-potosi"],"_links":{"self":[{"href":"https:\/\/gerardoduque.com.mx\/index.php?rest_route=\/wp\/v2\/posts\/29920","targetHints":{"allow":["GET"]}}],"collection":[{"href":"https:\/\/gerardoduque.com.mx\/index.php?rest_route=\/wp\/v2\/posts"}],"about":[{"href":"https:\/\/gerardoduque.com.mx\/index.php?rest_route=\/wp\/v2\/types\/post"}],"author":[{"embeddable":true,"href":"https:\/\/gerardoduque.com.mx\/index.php?rest_route=\/wp\/v2\/users\/4"}],"replies":[{"embeddable":true,"href":"https:\/\/gerardoduque.com.mx\/index.php?rest_route=%2Fwp%2Fv2%2Fcomments&post=29920"}],"version-history":[{"count":0,"href":"https:\/\/gerardoduque.com.mx\/index.php?rest_route=\/wp\/v2\/posts\/29920\/revisions"}],"wp:featuredmedia":[{"embeddable":true,"href":"https:\/\/gerardoduque.com.mx\/index.php?rest_route=\/wp\/v2\/media\/29921"}],"wp:attachment":[{"href":"https:\/\/gerardoduque.com.mx\/index.php?rest_route=%2Fwp%2Fv2%2Fmedia&parent=29920"}],"wp:term":[{"taxonomy":"category","embeddable":true,"href":"https:\/\/gerardoduque.com.mx\/index.php?rest_route=%2Fwp%2Fv2%2Fcategories&post=29920"},{"taxonomy":"post_tag","embeddable":true,"href":"https:\/\/gerardoduque.com.mx\/index.php?rest_route=%2Fwp%2Fv2%2Ftags&post=29920"}],"curies":[{"name":"wp","href":"https:\/\/api.w.org\/{rel}","templated":true}]}}