{"id":29917,"date":"2024-09-15T07:40:59","date_gmt":"2024-09-15T13:40:59","guid":{"rendered":"https:\/\/gerardoduque.com.mx\/?p=29917"},"modified":"2024-09-15T07:41:02","modified_gmt":"2024-09-15T13:41:02","slug":"continua-capacitacion-a-personal-del-gobierno-estatal","status":"publish","type":"post","link":"https:\/\/gerardoduque.com.mx\/?p=29917","title":{"rendered":"CONTIN\u00daA CAPACITACI\u00d3N A PERSONAL DEL GOBIERNO ESTATAL"},"content":{"rendered":"\n<p>Alrededor de 90 servidores p\u00fablicos de la Comisi\u00f3n Estatal para la Protecci\u00f3n contra Riesgos Sanitarios, asistieron a la conferencia \u00abEfectos psicoambientales de la naturaleza en las oficinas\u00bb, que ofreci\u00f3 la Oficial\u00eda Mayor del Ejecutivo, como parte de las acciones permanentes de capacitaci\u00f3n al personal del Gobierno del Estado.<\/p>\n\n\n\n<p>Durante el desarrollo de este di\u00e1logo, la ponente Virginia Arriaga, expuso el problema de salud ocasionado por la contaminaci\u00f3n, la econom\u00eda derivada de la contaminaci\u00f3n ambiental en M\u00e9xico que cuesta siete veces m\u00e1s que el gasto en salud y los da\u00f1os al medio ambiente con la deforestaci\u00f3n, la seguridad alimentaria, la contaminaci\u00f3n del agua y la p\u00e9rdida de la calidad de los alimentos.<\/p>\n\n\n\n<p>Finalmente, abord\u00f3 la problem\u00e1tica ambiental y la carencia de condiciones naturales en oficinas, el impacto del espacio en la salud y enfermedad del personal, el concepto de neuroarquitectura, sustentabilidad y sostenibilidad y el ambiente y la salud: su relaci\u00f3n con \u00e1reas ajardinadas, para que las y los trabajadores tomen conciencia sobre el impacto de la calidad natural del escenario en el que trabajan y coadyuven en la mejora de las condiciones ambientales.<\/p>\n","protected":false},"excerpt":{"rendered":"<p>Trabajadores de la COEPRIS, participaron en la conferencia \u00abEfectos psicoambientales de la naturaleza en las oficinas\u00bb.<\/p>\n","protected":false},"author":4,"featured_media":29918,"comment_status":"closed","ping_status":"closed","sticky":false,"template":"","format":"standard","meta":{"_et_pb_use_builder":"off","_et_pb_old_content":"","_et_gb_content_width":"","footnotes":""},"categories":[280],"tags":[195,72,66],"class_list":["post-29917","post","type-post","status-publish","format-standard","has-post-thumbnail","hentry","category-gob-slp","tag-coepris","tag-gobierno-del-estado","tag-san-luis-potosi"],"_links":{"self":[{"href":"https:\/\/gerardoduque.com.mx\/index.php?rest_route=\/wp\/v2\/posts\/29917","targetHints":{"allow":["GET"]}}],"collection":[{"href":"https:\/\/gerardoduque.com.mx\/index.php?rest_route=\/wp\/v2\/posts"}],"about":[{"href":"https:\/\/gerardoduque.com.mx\/index.php?rest_route=\/wp\/v2\/types\/post"}],"author":[{"embeddable":true,"href":"https:\/\/gerardoduque.com.mx\/index.php?rest_route=\/wp\/v2\/users\/4"}],"replies":[{"embeddable":true,"href":"https:\/\/gerardoduque.com.mx\/index.php?rest_route=%2Fwp%2Fv2%2Fcomments&post=29917"}],"version-history":[{"count":0,"href":"https:\/\/gerardoduque.com.mx\/index.php?rest_route=\/wp\/v2\/posts\/29917\/revisions"}],"wp:featuredmedia":[{"embeddable":true,"href":"https:\/\/gerardoduque.com.mx\/index.php?rest_route=\/wp\/v2\/media\/29918"}],"wp:attachment":[{"href":"https:\/\/gerardoduque.com.mx\/index.php?rest_route=%2Fwp%2Fv2%2Fmedia&parent=29917"}],"wp:term":[{"taxonomy":"category","embeddable":true,"href":"https:\/\/gerardoduque.com.mx\/index.php?rest_route=%2Fwp%2Fv2%2Fcategories&post=29917"},{"taxonomy":"post_tag","embeddable":true,"href":"https:\/\/gerardoduque.com.mx\/index.php?rest_route=%2Fwp%2Fv2%2Ftags&post=29917"}],"curies":[{"name":"wp","href":"https:\/\/api.w.org\/{rel}","templated":true}]}}