{"id":29911,"date":"2024-09-15T07:33:12","date_gmt":"2024-09-15T13:33:12","guid":{"rendered":"https:\/\/gerardoduque.com.mx\/?p=29911"},"modified":"2024-09-15T07:33:15","modified_gmt":"2024-09-15T13:33:15","slug":"realizan-acciones-de-limpieza-al-exterior-del-penal-de-la-pila","status":"publish","type":"post","link":"https:\/\/gerardoduque.com.mx\/?p=29911","title":{"rendered":"REALIZAN ACCIONES DE LIMPIEZA AL EXTERIOR DEL PENAL DE LA PILA"},"content":{"rendered":"\n<p>La Junta Estatal de Caminos realiz\u00f3 acciones de limpieza en la zona perimetral exterior del Centro Estatal de Reinserci\u00f3n Social de La Pila, que abarca un estimado de ocho mil metros cuadrados.<\/p>\n\n\n\n<p>Las acciones fueron realizadas en atenci\u00f3n a la solicitud de la Direcci\u00f3n de Prevenci\u00f3n y Reinserci\u00f3n Social de la Secretar\u00eda de Seguridad y Protecci\u00f3n Ciudadana y en cumplimiento con las instrucciones del Gobernador Ricardo Gallardo Cardona, de garantizar mejores condiciones de habitabilidad a los potosinos de las cuatro regiones.<\/p>\n\n\n\n<p>Las lluvias ocasionaron el crecimiento exponencial de maleza, lo que deriva en espacios para resguardo de fauna nociva que podr\u00edan poner en riesgo a la poblaci\u00f3n del penal y a sus familiares que cada semana los visitan, por lo que, una cuadrilla de camineros realiza labores y concluir\u00e1 en un lapso no mayor a tres semanas.<\/p>\n","protected":false},"excerpt":{"rendered":"<p>Al retirar la maleza, se busca evitar que la fauna nociva afecte la salud de la poblaci\u00f3n penitenciaria y familiares.<\/p>\n","protected":false},"author":4,"featured_media":29912,"comment_status":"closed","ping_status":"closed","sticky":false,"template":"","format":"standard","meta":{"_et_pb_use_builder":"off","_et_pb_old_content":"","_et_gb_content_width":"","footnotes":""},"categories":[280],"tags":[72,276,66],"class_list":["post-29911","post","type-post","status-publish","format-standard","has-post-thumbnail","hentry","category-gob-slp","tag-gobierno-del-estado","tag-jec","tag-san-luis-potosi"],"_links":{"self":[{"href":"https:\/\/gerardoduque.com.mx\/index.php?rest_route=\/wp\/v2\/posts\/29911","targetHints":{"allow":["GET"]}}],"collection":[{"href":"https:\/\/gerardoduque.com.mx\/index.php?rest_route=\/wp\/v2\/posts"}],"about":[{"href":"https:\/\/gerardoduque.com.mx\/index.php?rest_route=\/wp\/v2\/types\/post"}],"author":[{"embeddable":true,"href":"https:\/\/gerardoduque.com.mx\/index.php?rest_route=\/wp\/v2\/users\/4"}],"replies":[{"embeddable":true,"href":"https:\/\/gerardoduque.com.mx\/index.php?rest_route=%2Fwp%2Fv2%2Fcomments&post=29911"}],"version-history":[{"count":0,"href":"https:\/\/gerardoduque.com.mx\/index.php?rest_route=\/wp\/v2\/posts\/29911\/revisions"}],"wp:featuredmedia":[{"embeddable":true,"href":"https:\/\/gerardoduque.com.mx\/index.php?rest_route=\/wp\/v2\/media\/29912"}],"wp:attachment":[{"href":"https:\/\/gerardoduque.com.mx\/index.php?rest_route=%2Fwp%2Fv2%2Fmedia&parent=29911"}],"wp:term":[{"taxonomy":"category","embeddable":true,"href":"https:\/\/gerardoduque.com.mx\/index.php?rest_route=%2Fwp%2Fv2%2Fcategories&post=29911"},{"taxonomy":"post_tag","embeddable":true,"href":"https:\/\/gerardoduque.com.mx\/index.php?rest_route=%2Fwp%2Fv2%2Ftags&post=29911"}],"curies":[{"name":"wp","href":"https:\/\/api.w.org\/{rel}","templated":true}]}}