{"id":29895,"date":"2024-09-14T15:06:38","date_gmt":"2024-09-14T21:06:38","guid":{"rendered":"https:\/\/gerardoduque.com.mx\/?p=29895"},"modified":"2024-09-14T15:06:39","modified_gmt":"2024-09-14T21:06:39","slug":"reconocen-modelo-de-educacion-dual-de-slp-a-nivel-nacional","status":"publish","type":"post","link":"https:\/\/gerardoduque.com.mx\/?p=29895","title":{"rendered":"RECONOCEN MODELO DE EDUCACI\u00d3N DUAL DE SLP A NIVEL NACIONAL"},"content":{"rendered":"\n<p>La Universidad Tecnol\u00f3gica de San Luis Potos\u00ed recibi\u00f3 de la Secretar\u00eda de Educaci\u00f3n P\u00fablica el Premio de Excelencia Dual 2024, con lo que el Estado destaca a nivel nacional por su modelo de educaci\u00f3n. De acuerdo con la Secretar\u00eda de Educaci\u00f3n de Gobierno del Estado, es la primera vez que convocan a este premio, donde San Luis Potos\u00ed destac\u00f3 en la definici\u00f3n del sistema dual como un programa de formaci\u00f3n t\u00e9cnica.<\/p>\n\n\n\n<p>Durante el evento, la Secretar\u00eda Acad\u00e9mica de la UTSLP, en su intervenci\u00f3n y participaci\u00f3n en el panel \u201c\u00bfPor qu\u00e9 participar en la Educaci\u00f3n Dual?\u201d, destac\u00f3 el apoyo para fortalecer este modelo educativo, que a la fecha cuenta con 210 aprendices en el programa y que ha iniciado el ciclo escolar, con una generaci\u00f3n de 110 aprendices.<\/p>\n\n\n\n<p>Este premio, en la categor\u00eda de Instituci\u00f3n de Educaci\u00f3n Superior, fue recibido en el marco de la Semana Dual que organiz\u00f3 la SEP, la C\u00e1mara Mexicano-Alemana de Comercio e Industria (Camexa) y el Consejo Coordinador Empresarial (CCE), en la que la UTSLP particip\u00f3 en la categor\u00eda Gestor de Vinculaci\u00f3n con el proyecto \u201cFortalecer la vinculaci\u00f3n con las empresas de la regi\u00f3n, para la incorporaci\u00f3n de m\u00e1s mujeres de STEM\u201d siendo merecedora al reconocimiento como finalista.<\/p>\n","protected":false},"excerpt":{"rendered":"<p>La Universidad Tecnol\u00f3gica de San Luis Potos\u00ed recibi\u00f3 el Premio de Excelencia Dual 2024 por la SEP<\/p>\n","protected":false},"author":4,"featured_media":29896,"comment_status":"closed","ping_status":"closed","sticky":false,"template":"","format":"standard","meta":{"_et_pb_use_builder":"off","_et_pb_old_content":"","_et_gb_content_width":"","footnotes":""},"categories":[280],"tags":[72,66,196],"class_list":["post-29895","post","type-post","status-publish","format-standard","has-post-thumbnail","hentry","category-gob-slp","tag-gobierno-del-estado","tag-san-luis-potosi","tag-sege"],"_links":{"self":[{"href":"https:\/\/gerardoduque.com.mx\/index.php?rest_route=\/wp\/v2\/posts\/29895","targetHints":{"allow":["GET"]}}],"collection":[{"href":"https:\/\/gerardoduque.com.mx\/index.php?rest_route=\/wp\/v2\/posts"}],"about":[{"href":"https:\/\/gerardoduque.com.mx\/index.php?rest_route=\/wp\/v2\/types\/post"}],"author":[{"embeddable":true,"href":"https:\/\/gerardoduque.com.mx\/index.php?rest_route=\/wp\/v2\/users\/4"}],"replies":[{"embeddable":true,"href":"https:\/\/gerardoduque.com.mx\/index.php?rest_route=%2Fwp%2Fv2%2Fcomments&post=29895"}],"version-history":[{"count":0,"href":"https:\/\/gerardoduque.com.mx\/index.php?rest_route=\/wp\/v2\/posts\/29895\/revisions"}],"wp:featuredmedia":[{"embeddable":true,"href":"https:\/\/gerardoduque.com.mx\/index.php?rest_route=\/wp\/v2\/media\/29896"}],"wp:attachment":[{"href":"https:\/\/gerardoduque.com.mx\/index.php?rest_route=%2Fwp%2Fv2%2Fmedia&parent=29895"}],"wp:term":[{"taxonomy":"category","embeddable":true,"href":"https:\/\/gerardoduque.com.mx\/index.php?rest_route=%2Fwp%2Fv2%2Fcategories&post=29895"},{"taxonomy":"post_tag","embeddable":true,"href":"https:\/\/gerardoduque.com.mx\/index.php?rest_route=%2Fwp%2Fv2%2Ftags&post=29895"}],"curies":[{"name":"wp","href":"https:\/\/api.w.org\/{rel}","templated":true}]}}