{"id":29891,"date":"2024-09-14T10:34:12","date_gmt":"2024-09-14T16:34:12","guid":{"rendered":"https:\/\/gerardoduque.com.mx\/?p=29891"},"modified":"2024-09-14T10:34:14","modified_gmt":"2024-09-14T16:34:14","slug":"realizan-operativo-de-salud-por-fiestas-patrias","status":"publish","type":"post","link":"https:\/\/gerardoduque.com.mx\/?p=29891","title":{"rendered":"REALIZAN OPERATIVO DE SALUD POR FIESTAS PATRIAS"},"content":{"rendered":"\n<p>Los Servicios de Salud desplegaron operativos integrales para la atenci\u00f3n m\u00e9dica y de control sanitario en el marco de las Fiestas Patrias 2024, con la ayuda de personal m\u00e9dico y de la Comisi\u00f3n Estatal de Protecci\u00f3n Contra Riesgos Sanitarios, desde el 12 de septiembre y concluir\u00e1n el 16 de septiembre luego del tradicional desfile.<\/p>\n\n\n\n<p>Durante las fiestas mexicanas la dependencia desplegar\u00e1 a param\u00e9dicos, m\u00e9dicos, ambulancias de la dependencia y particulares, adem\u00e1s de t\u00e9cnicos en Urgencias M\u00e9dicas dio a conocer la directora general, mientras que Coepris llevar\u00e1 a cabo el operativo de control sanitario, enfocado a la supervisi\u00f3n de alimentos en establecimientos fijos y semifijos.<\/p>\n\n\n\n<p>El operativo inici\u00f3 con visitas a 14 restaurantes y restaurantes-bar del Centro Hist\u00f3rico, la revisi\u00f3n de hoteles que ofrecer\u00e1n cenas por las Fiestas Patrias, y continuar\u00e1 el 14 y 15 de septiembre con recorridos en los mercados para sensibilizar al personal que expende y maneja alimentos, respecto a la conservaci\u00f3n, preparaci\u00f3n de alimentos, disposici\u00f3n de residuos, cloraci\u00f3n de agua, lavado de manos y lavado y desinfecci\u00f3n de frutas y verduras, adem\u00e1s de dotar de cubrepelo, cloro, plata coloidal para la desinfecci\u00f3n de frutas y verduras, adem\u00e1s de material impreso.<\/p>\n\n\n\n<p>Para el desfile del 16 de septiembre, se instalar\u00e1n dos puestos de auxilios en la ruta del desfile que se estar\u00e1 salvaguardando a la ciudadan\u00eda e hizo un llamado a las y los potosinos a celebrar en armon\u00eda y sin abusos, que disfruten los espacios de convivencia familiar y en caso de requerir de alg\u00fan servicio m\u00e9dico de urgencia, marcar al 9-1-1 o al Centro Regulador de Urgencias M\u00e9dicas 444 811 8230.<\/p>\n","protected":false},"excerpt":{"rendered":"<p>Participa la Secretar\u00eda de Salud en operativos para la atenci\u00f3n m\u00e9dica y la Comisi\u00f3n Estatal de Protecci\u00f3n Contra Riesgos Sanitarios para la supervisi\u00f3n de alimentos.<\/p>\n","protected":false},"author":4,"featured_media":29892,"comment_status":"closed","ping_status":"closed","sticky":false,"template":"","format":"standard","meta":{"_et_pb_use_builder":"off","_et_pb_old_content":"","_et_gb_content_width":"","footnotes":""},"categories":[280],"tags":[72,66,217],"class_list":["post-29891","post","type-post","status-publish","format-standard","has-post-thumbnail","hentry","category-gob-slp","tag-gobierno-del-estado","tag-san-luis-potosi","tag-ssa"],"_links":{"self":[{"href":"https:\/\/gerardoduque.com.mx\/index.php?rest_route=\/wp\/v2\/posts\/29891","targetHints":{"allow":["GET"]}}],"collection":[{"href":"https:\/\/gerardoduque.com.mx\/index.php?rest_route=\/wp\/v2\/posts"}],"about":[{"href":"https:\/\/gerardoduque.com.mx\/index.php?rest_route=\/wp\/v2\/types\/post"}],"author":[{"embeddable":true,"href":"https:\/\/gerardoduque.com.mx\/index.php?rest_route=\/wp\/v2\/users\/4"}],"replies":[{"embeddable":true,"href":"https:\/\/gerardoduque.com.mx\/index.php?rest_route=%2Fwp%2Fv2%2Fcomments&post=29891"}],"version-history":[{"count":0,"href":"https:\/\/gerardoduque.com.mx\/index.php?rest_route=\/wp\/v2\/posts\/29891\/revisions"}],"wp:featuredmedia":[{"embeddable":true,"href":"https:\/\/gerardoduque.com.mx\/index.php?rest_route=\/wp\/v2\/media\/29892"}],"wp:attachment":[{"href":"https:\/\/gerardoduque.com.mx\/index.php?rest_route=%2Fwp%2Fv2%2Fmedia&parent=29891"}],"wp:term":[{"taxonomy":"category","embeddable":true,"href":"https:\/\/gerardoduque.com.mx\/index.php?rest_route=%2Fwp%2Fv2%2Fcategories&post=29891"},{"taxonomy":"post_tag","embeddable":true,"href":"https:\/\/gerardoduque.com.mx\/index.php?rest_route=%2Fwp%2Fv2%2Ftags&post=29891"}],"curies":[{"name":"wp","href":"https:\/\/api.w.org\/{rel}","templated":true}]}}