{"id":29888,"date":"2024-09-14T10:26:49","date_gmt":"2024-09-14T16:26:49","guid":{"rendered":"https:\/\/gerardoduque.com.mx\/?p=29888"},"modified":"2024-09-14T10:26:51","modified_gmt":"2024-09-14T16:26:51","slug":"resguardan-memorial-de-victimas-de-feminicidio-en-plaza-de-armas","status":"publish","type":"post","link":"https:\/\/gerardoduque.com.mx\/?p=29888","title":{"rendered":"RESGUARDAN MEMORIAL DE V\u00cdCTIMAS DE FEMINICIDIO EN PLAZA DE ARMAS"},"content":{"rendered":"\n<p>Desde este viernes 13 y hasta el pr\u00f3ximo 16 de septiembre, ser\u00e1n resguardadas las cruces del memorial para las v\u00edctimas de feminicidio que se instal\u00f3 en la plaza de Armas, esto en cumplimiento al compromiso del Gobierno de San Luis Potos\u00ed de sensibilizarse en apoyo a las mujeres potosinas y bajo la premisa del respeto pleno al derecho de la b\u00fasqueda de la verdad, la justicia y la reparaci\u00f3n.<\/p>\n\n\n\n<p>Tambi\u00e9n se instalaron vallas de contenci\u00f3n para proteger la efigie durante los pr\u00f3ximos festejos del Grito de Independencia y el desfile c\u00edvico militar, por lo que, una vez que concluyan esas actividades, el personal del Gobierno del Estado reinstalar\u00e1 las cruces que se mantienen alrededor del memorial.<\/p>\n\n\n\n<p>Durante el 15 y 16 de septiembre, miles de potosinos, as\u00ed como turistas, asistir\u00e1n a esta emblem\u00e1tica plaza del Centro Hist\u00f3rico debido a las actividades preparadas, por lo que durante las fiestas el memorial estar\u00e1 en resguardo y bajo vigilancia de la Secretar\u00eda de Seguridad y Protecci\u00f3n Ciudadana del Estado, para que no sufra alg\u00fan da\u00f1o.<\/p>\n","protected":false},"excerpt":{"rendered":"<p>Con motivo de los festejos patrios, fueron resguardadas de manera anticipada las cruces y el memorial fue protegido con vallas met\u00e1licas  <\/p>\n","protected":false},"author":4,"featured_media":29889,"comment_status":"closed","ping_status":"closed","sticky":false,"template":"","format":"standard","meta":{"_et_pb_use_builder":"off","_et_pb_old_content":"","_et_gb_content_width":"","footnotes":""},"categories":[280],"tags":[72,66],"class_list":["post-29888","post","type-post","status-publish","format-standard","has-post-thumbnail","hentry","category-gob-slp","tag-gobierno-del-estado","tag-san-luis-potosi"],"_links":{"self":[{"href":"https:\/\/gerardoduque.com.mx\/index.php?rest_route=\/wp\/v2\/posts\/29888","targetHints":{"allow":["GET"]}}],"collection":[{"href":"https:\/\/gerardoduque.com.mx\/index.php?rest_route=\/wp\/v2\/posts"}],"about":[{"href":"https:\/\/gerardoduque.com.mx\/index.php?rest_route=\/wp\/v2\/types\/post"}],"author":[{"embeddable":true,"href":"https:\/\/gerardoduque.com.mx\/index.php?rest_route=\/wp\/v2\/users\/4"}],"replies":[{"embeddable":true,"href":"https:\/\/gerardoduque.com.mx\/index.php?rest_route=%2Fwp%2Fv2%2Fcomments&post=29888"}],"version-history":[{"count":0,"href":"https:\/\/gerardoduque.com.mx\/index.php?rest_route=\/wp\/v2\/posts\/29888\/revisions"}],"wp:featuredmedia":[{"embeddable":true,"href":"https:\/\/gerardoduque.com.mx\/index.php?rest_route=\/wp\/v2\/media\/29889"}],"wp:attachment":[{"href":"https:\/\/gerardoduque.com.mx\/index.php?rest_route=%2Fwp%2Fv2%2Fmedia&parent=29888"}],"wp:term":[{"taxonomy":"category","embeddable":true,"href":"https:\/\/gerardoduque.com.mx\/index.php?rest_route=%2Fwp%2Fv2%2Fcategories&post=29888"},{"taxonomy":"post_tag","embeddable":true,"href":"https:\/\/gerardoduque.com.mx\/index.php?rest_route=%2Fwp%2Fv2%2Ftags&post=29888"}],"curies":[{"name":"wp","href":"https:\/\/api.w.org\/{rel}","templated":true}]}}