{"id":29885,"date":"2024-09-14T10:21:16","date_gmt":"2024-09-14T16:21:16","guid":{"rendered":"https:\/\/gerardoduque.com.mx\/?p=29885"},"modified":"2024-09-14T10:21:20","modified_gmt":"2024-09-14T16:21:20","slug":"listo-el-plan-de-prevencion-por-fiestas-patrias","status":"publish","type":"post","link":"https:\/\/gerardoduque.com.mx\/?p=29885","title":{"rendered":"LISTO EL PLAN DE PREVENCI\u00d3N POR FIESTAS PATRIAS"},"content":{"rendered":"\n<p>La Coordinaci\u00f3n Estatal de Protecci\u00f3n Civil y la Secretar\u00eda de Seguridad y Protecci\u00f3n Ciudadana Estatal tiene listo el plan operativo que implementar\u00e1n en coordinaci\u00f3n con los tres niveles de Gobierno, para el 15 de septiembre durante el Grito de Independencia y el 16 de septiembre para el desfile.<\/p>\n\n\n\n<p>Para el 15 de septiembre, la dependencia desplegar\u00e1 a cien elementos, con quienes establecer\u00e1n siete filtros para que las personas no ingresen con objetos prohibidos, como botellas de vidrio u otros artefactos que pudieran poner en riesgo a los asistentes, ya que se esperan miles de personas en esta ceremonia c\u00edvica.<\/p>\n\n\n\n<p>De manera previa, Protecci\u00f3n Civil del Estado realizar\u00e1 una inspecci\u00f3n al escenario donde se presentar\u00e1 el grupo Bronco y revisar\u00e1 la pirotecnia que ser\u00e1 utilizada para el evento.<\/p>\n\n\n\n<p>Con respecto al 16 de septiembre, la dependencia participar\u00e1 con 150 elementos en el desfile c\u00edvico militar, adem\u00e1s de que habr\u00e1 personal distribuido a lo largo del desfile por la avenida Venustiano Carranza, para atender cualquier emergencia que pudiera presentarse como desmayos, descompensaciones o deshidrataciones tanto de los asistentes como de los participantes en el Desfile.<\/p>\n","protected":false},"excerpt":{"rendered":"<p>Se establecer\u00e1n filtros de revisi\u00f3n en el per\u00edmetro que comprende la plaza de armas para la ceremonia del Grito de Independencia y vigilancia permanente <\/p>\n","protected":false},"author":4,"featured_media":29886,"comment_status":"closed","ping_status":"closed","sticky":false,"template":"","format":"standard","meta":{"_et_pb_use_builder":"off","_et_pb_old_content":"","_et_gb_content_width":"","footnotes":""},"categories":[412,280],"tags":[190,72,66,344],"class_list":["post-29885","post","type-post","status-publish","format-standard","has-post-thumbnail","hentry","category-destacado","category-gob-slp","tag-cepc","tag-gobierno-del-estado","tag-san-luis-potosi","tag-secesp"],"_links":{"self":[{"href":"https:\/\/gerardoduque.com.mx\/index.php?rest_route=\/wp\/v2\/posts\/29885","targetHints":{"allow":["GET"]}}],"collection":[{"href":"https:\/\/gerardoduque.com.mx\/index.php?rest_route=\/wp\/v2\/posts"}],"about":[{"href":"https:\/\/gerardoduque.com.mx\/index.php?rest_route=\/wp\/v2\/types\/post"}],"author":[{"embeddable":true,"href":"https:\/\/gerardoduque.com.mx\/index.php?rest_route=\/wp\/v2\/users\/4"}],"replies":[{"embeddable":true,"href":"https:\/\/gerardoduque.com.mx\/index.php?rest_route=%2Fwp%2Fv2%2Fcomments&post=29885"}],"version-history":[{"count":0,"href":"https:\/\/gerardoduque.com.mx\/index.php?rest_route=\/wp\/v2\/posts\/29885\/revisions"}],"wp:featuredmedia":[{"embeddable":true,"href":"https:\/\/gerardoduque.com.mx\/index.php?rest_route=\/wp\/v2\/media\/29886"}],"wp:attachment":[{"href":"https:\/\/gerardoduque.com.mx\/index.php?rest_route=%2Fwp%2Fv2%2Fmedia&parent=29885"}],"wp:term":[{"taxonomy":"category","embeddable":true,"href":"https:\/\/gerardoduque.com.mx\/index.php?rest_route=%2Fwp%2Fv2%2Fcategories&post=29885"},{"taxonomy":"post_tag","embeddable":true,"href":"https:\/\/gerardoduque.com.mx\/index.php?rest_route=%2Fwp%2Fv2%2Ftags&post=29885"}],"curies":[{"name":"wp","href":"https:\/\/api.w.org\/{rel}","templated":true}]}}