{"id":29882,"date":"2024-09-14T08:56:14","date_gmt":"2024-09-14T14:56:14","guid":{"rendered":"https:\/\/gerardoduque.com.mx\/?p=29882"},"modified":"2024-09-14T08:56:17","modified_gmt":"2024-09-14T14:56:17","slug":"pelicula-grabada-en-diferentes-sitios-de-slp-ya-se-proyecta-en-cines","status":"publish","type":"post","link":"https:\/\/gerardoduque.com.mx\/?p=29882","title":{"rendered":"PEL\u00cdCULA GRABADA EN DIFERENTES SITIOS DE SLP YA SE PROYECTA EN CINES"},"content":{"rendered":"\n<p>Este jueves 12 de septiembre, la pel\u00edcula Concepci\u00f3n que tuvo como locaciones diferentes sitios en San Luis Potos\u00ed, se estren\u00f3 en m\u00e1s de 80 cines en todo M\u00e9xico, con lo que la entidad reafirma su liderazgo para atraer producciones nacionales e internacionales.<\/p>\n\n\n\n<p>La Secretar\u00eda de Turismo inform\u00f3 que jug\u00f3 un papel crucial en el rodaje con apoyo para filmar en locaciones del Teatro de la Paz, La Lonja, San Agust\u00edn, Plaza del Carmen, as\u00ed como parajes de Villa de Reyes y Villa Hidalgo.<\/p>\n\n\n\n<p>La titular de la dependencia Yolanda Josefina Cepeda Echavarr\u00eda, destac\u00f3 que San Luis Potos\u00ed es el destino predilecto del turismo de filmaciones, tras recordar que el filme que narra la inspiradora vida de Concepci\u00f3n \u201cConchita\u201d Cabrera de Armida, ser\u00e1 llevada tambi\u00e9n por CNMG Distribuci\u00f3n, a Latinoam\u00e9rica, Estados Unidos y Europa.<\/p>\n\n\n\n<p>El elenco de Concepci\u00f3n cuenta con destacados actores como To\u00f1o Mauri Alem\u00e1n y Alejandro Galindo, la actriz Janell Fajer, con la direcci\u00f3n y el gui\u00f3n de Alejandro Franc\u00e9s.<\/p>\n","protected":false},"excerpt":{"rendered":"<p>Su rodaje incluy\u00f3 locaciones como el Teatro de la Paz, La Lonja, San Agust\u00edn, Plaza del Carmen, y parajes de Villa de Reyes y Villa Hidalgo.<\/p>\n","protected":false},"author":4,"featured_media":29883,"comment_status":"closed","ping_status":"closed","sticky":false,"template":"","format":"standard","meta":{"_et_pb_use_builder":"off","_et_pb_old_content":"","_et_gb_content_width":"","footnotes":""},"categories":[412,280],"tags":[72,66,316],"class_list":["post-29882","post","type-post","status-publish","format-standard","has-post-thumbnail","hentry","category-destacado","category-gob-slp","tag-gobierno-del-estado","tag-san-luis-potosi","tag-sectur"],"_links":{"self":[{"href":"https:\/\/gerardoduque.com.mx\/index.php?rest_route=\/wp\/v2\/posts\/29882","targetHints":{"allow":["GET"]}}],"collection":[{"href":"https:\/\/gerardoduque.com.mx\/index.php?rest_route=\/wp\/v2\/posts"}],"about":[{"href":"https:\/\/gerardoduque.com.mx\/index.php?rest_route=\/wp\/v2\/types\/post"}],"author":[{"embeddable":true,"href":"https:\/\/gerardoduque.com.mx\/index.php?rest_route=\/wp\/v2\/users\/4"}],"replies":[{"embeddable":true,"href":"https:\/\/gerardoduque.com.mx\/index.php?rest_route=%2Fwp%2Fv2%2Fcomments&post=29882"}],"version-history":[{"count":0,"href":"https:\/\/gerardoduque.com.mx\/index.php?rest_route=\/wp\/v2\/posts\/29882\/revisions"}],"wp:featuredmedia":[{"embeddable":true,"href":"https:\/\/gerardoduque.com.mx\/index.php?rest_route=\/wp\/v2\/media\/29883"}],"wp:attachment":[{"href":"https:\/\/gerardoduque.com.mx\/index.php?rest_route=%2Fwp%2Fv2%2Fmedia&parent=29882"}],"wp:term":[{"taxonomy":"category","embeddable":true,"href":"https:\/\/gerardoduque.com.mx\/index.php?rest_route=%2Fwp%2Fv2%2Fcategories&post=29882"},{"taxonomy":"post_tag","embeddable":true,"href":"https:\/\/gerardoduque.com.mx\/index.php?rest_route=%2Fwp%2Fv2%2Ftags&post=29882"}],"curies":[{"name":"wp","href":"https:\/\/api.w.org\/{rel}","templated":true}]}}