{"id":29875,"date":"2024-09-13T13:27:14","date_gmt":"2024-09-13T19:27:14","guid":{"rendered":"https:\/\/gerardoduque.com.mx\/?p=29875"},"modified":"2024-09-13T13:27:16","modified_gmt":"2024-09-13T19:27:16","slug":"realizan-acciones-de-prevencion-del-delito-en-la-zona-industrial","status":"publish","type":"post","link":"https:\/\/gerardoduque.com.mx\/?p=29875","title":{"rendered":"REALIZAN ACCIONES DE PREVENCI\u00d3N DEL DELITO EN LA ZONA INDUSTRIAL"},"content":{"rendered":"\n<p>Con la finalidad de evitar que trabajadores de la zona industrial sean v\u00edctimas de alg\u00fan tipo de delito, el Gobierno del Estado a trav\u00e9s el Secretariado Ejecutivo del Consejo Estatal de Seguridad P\u00fablica, ha visitado empresas e implementado diferentes din\u00e1micas para fortalecer la autoprotecci\u00f3n.<\/p>\n\n\n\n<p>De acuerdo con la titular del SECESP, se implementan acciones de prevenci\u00f3n en todos los sectores de la poblaci\u00f3n, por lo que la dependencia participa en actividades de seguridad industrial que organizan las empresas en las que ha impactado a m\u00e1s de 500 trabajadores.<\/p>\n\n\n\n<p>Las acciones buscan reforzar la cultura de la denuncia entre los trabajadores, adem\u00e1s de difundir las acciones que pueden realizar para la prevenci\u00f3n de la violencia digital con perspectiva de g\u00e9nero, qu\u00e9 hacer en caso de recibir una llamada o mensaje de extorsi\u00f3n, adem\u00e1s de explicar a madres y padres de familia, los riesgos que tambi\u00e9n enfrentan sus hijos e hijas con el uso de la tecnolog\u00eda y c\u00f3mo trabajar para evitar delitos cibern\u00e9ticos.<\/p>\n\n\n\n<p>Estas jornadas de prevenci\u00f3n, que incluyen actividades l\u00fadicas para facilitar el aprendizaje, pueden ser solicitadas por las empresas por lo que invit\u00f3 a visitar sus instalaciones de la dependencia en Terrazas 640 o llamar al tel\u00e9fono 444 834 0151 para solicitar m\u00e1s informaci\u00f3n.<\/p>\n","protected":false},"excerpt":{"rendered":"<p>Las acciones buscan reforzar la cultura de la denuncia entre los trabajadores.<\/p>\n","protected":false},"author":4,"featured_media":29876,"comment_status":"closed","ping_status":"closed","sticky":false,"template":"","format":"standard","meta":{"_et_pb_use_builder":"off","_et_pb_old_content":"","_et_gb_content_width":"","footnotes":""},"categories":[280],"tags":[72,66,344],"class_list":["post-29875","post","type-post","status-publish","format-standard","has-post-thumbnail","hentry","category-gob-slp","tag-gobierno-del-estado","tag-san-luis-potosi","tag-secesp"],"_links":{"self":[{"href":"https:\/\/gerardoduque.com.mx\/index.php?rest_route=\/wp\/v2\/posts\/29875","targetHints":{"allow":["GET"]}}],"collection":[{"href":"https:\/\/gerardoduque.com.mx\/index.php?rest_route=\/wp\/v2\/posts"}],"about":[{"href":"https:\/\/gerardoduque.com.mx\/index.php?rest_route=\/wp\/v2\/types\/post"}],"author":[{"embeddable":true,"href":"https:\/\/gerardoduque.com.mx\/index.php?rest_route=\/wp\/v2\/users\/4"}],"replies":[{"embeddable":true,"href":"https:\/\/gerardoduque.com.mx\/index.php?rest_route=%2Fwp%2Fv2%2Fcomments&post=29875"}],"version-history":[{"count":0,"href":"https:\/\/gerardoduque.com.mx\/index.php?rest_route=\/wp\/v2\/posts\/29875\/revisions"}],"wp:featuredmedia":[{"embeddable":true,"href":"https:\/\/gerardoduque.com.mx\/index.php?rest_route=\/wp\/v2\/media\/29876"}],"wp:attachment":[{"href":"https:\/\/gerardoduque.com.mx\/index.php?rest_route=%2Fwp%2Fv2%2Fmedia&parent=29875"}],"wp:term":[{"taxonomy":"category","embeddable":true,"href":"https:\/\/gerardoduque.com.mx\/index.php?rest_route=%2Fwp%2Fv2%2Fcategories&post=29875"},{"taxonomy":"post_tag","embeddable":true,"href":"https:\/\/gerardoduque.com.mx\/index.php?rest_route=%2Fwp%2Fv2%2Ftags&post=29875"}],"curies":[{"name":"wp","href":"https:\/\/api.w.org\/{rel}","templated":true}]}}