{"id":29870,"date":"2024-09-13T12:38:22","date_gmt":"2024-09-13T18:38:22","guid":{"rendered":"https:\/\/gerardoduque.com.mx\/?p=29870"},"modified":"2024-09-13T12:38:25","modified_gmt":"2024-09-13T18:38:25","slug":"registran-reduccion-en-el-abandono-escolar-en-slp","status":"publish","type":"post","link":"https:\/\/gerardoduque.com.mx\/?p=29870","title":{"rendered":"REGISTRAN REDUCCI\u00d3N EN EL ABANDONO ESCOLAR EN SLP"},"content":{"rendered":"\n<p>De acuerdo con datos preliminares informados por la Secretar\u00eda de Educaci\u00f3n P\u00fablica, San Luis Potos\u00ed redujo el indicador de abandono escolar a cero por ciento en nivel primaria y 1.6 por ciento en secundaria al concluir el ciclo escolar 2023-2024.<\/p>\n\n\n\n<p>Lo anterior fue expuesto por la Secretar\u00eda de Educaci\u00f3n de Gobierno del Estado, detallando que San Luis Potos\u00ed ha disminuido la deserci\u00f3n escolar al pasar de uno por ciento a cero por ciento en educaci\u00f3n primaria y de 4.1 por ciento a 1.6 por ciento en secundaria, cumpliendo con las metas establecidas en el Plan Estatal de Desarrollo.<\/p>\n\n\n\n<p>El funcionario estatal refiri\u00f3 que la dependencia trabaja a favor de la educaci\u00f3n, y refrend\u00f3 el compromiso de colaboraci\u00f3n interinstitucional para brindar m\u00e1s apoyo a la comunidad educativa y revertir la falta de compromiso con el sector educativo, adem\u00e1s de los retos que dej\u00f3 la pandemia por Covid-19.<\/p>\n\n\n\n<p>La dependencia dijo que la entrega de apoyos escolares del programa Potos\u00ed para la Educaci\u00f3n avanza en todas las regiones del Estado, como en el municipio de Mexquitic de Carmona, en la comunidad de Maravillas donde ni\u00f1os y adolescentes recibieron con gran alegr\u00eda y emoci\u00f3n mochilas, \u00fatiles y zapatos, y donde aprovecharon la oportunidad de agradecer por esta ayuda del Gobierno del Estado.<\/p>\n","protected":false},"excerpt":{"rendered":"<p>San Luis Potos\u00ed se encuentra por debajo de la media nacional, esto de acuerdo con datos preliminares de la SEP.<\/p>\n","protected":false},"author":4,"featured_media":25987,"comment_status":"closed","ping_status":"closed","sticky":false,"template":"","format":"standard","meta":{"_et_pb_use_builder":"off","_et_pb_old_content":"","_et_gb_content_width":"","footnotes":""},"categories":[412,280],"tags":[72,66,196],"class_list":["post-29870","post","type-post","status-publish","format-standard","has-post-thumbnail","hentry","category-destacado","category-gob-slp","tag-gobierno-del-estado","tag-san-luis-potosi","tag-sege"],"_links":{"self":[{"href":"https:\/\/gerardoduque.com.mx\/index.php?rest_route=\/wp\/v2\/posts\/29870","targetHints":{"allow":["GET"]}}],"collection":[{"href":"https:\/\/gerardoduque.com.mx\/index.php?rest_route=\/wp\/v2\/posts"}],"about":[{"href":"https:\/\/gerardoduque.com.mx\/index.php?rest_route=\/wp\/v2\/types\/post"}],"author":[{"embeddable":true,"href":"https:\/\/gerardoduque.com.mx\/index.php?rest_route=\/wp\/v2\/users\/4"}],"replies":[{"embeddable":true,"href":"https:\/\/gerardoduque.com.mx\/index.php?rest_route=%2Fwp%2Fv2%2Fcomments&post=29870"}],"version-history":[{"count":0,"href":"https:\/\/gerardoduque.com.mx\/index.php?rest_route=\/wp\/v2\/posts\/29870\/revisions"}],"wp:featuredmedia":[{"embeddable":true,"href":"https:\/\/gerardoduque.com.mx\/index.php?rest_route=\/wp\/v2\/media\/25987"}],"wp:attachment":[{"href":"https:\/\/gerardoduque.com.mx\/index.php?rest_route=%2Fwp%2Fv2%2Fmedia&parent=29870"}],"wp:term":[{"taxonomy":"category","embeddable":true,"href":"https:\/\/gerardoduque.com.mx\/index.php?rest_route=%2Fwp%2Fv2%2Fcategories&post=29870"},{"taxonomy":"post_tag","embeddable":true,"href":"https:\/\/gerardoduque.com.mx\/index.php?rest_route=%2Fwp%2Fv2%2Ftags&post=29870"}],"curies":[{"name":"wp","href":"https:\/\/api.w.org\/{rel}","templated":true}]}}