{"id":29863,"date":"2024-09-13T07:47:08","date_gmt":"2024-09-13T13:47:08","guid":{"rendered":"https:\/\/gerardoduque.com.mx\/?p=29863"},"modified":"2024-09-13T07:47:10","modified_gmt":"2024-09-13T13:47:10","slug":"entregan-reconstruccion-de-avenida-jose-vilet","status":"publish","type":"post","link":"https:\/\/gerardoduque.com.mx\/?p=29863","title":{"rendered":"ENTREGAN RECONSTRUCCI\u00d3N DE AVENIDA JOS\u00c9 VILET"},"content":{"rendered":"\n<p>Este jueves, el Gobernador del Estado, Ricardo Gallardo Cardona, inaugur\u00f3 la rehabilitaci\u00f3n de la avenida Jos\u00e9 Vilet, que beneficia a m\u00e1s de 20 mil personas usuarias, con una inversi\u00f3n de m\u00e1s de 5.35 millones de pesos.<\/p>\n\n\n\n<p>En la colonia Industrial Mexicana, Gallardo Cardona destac\u00f3 que continuar\u00e1 construyendo el San Luis que merecen las familias, y anunci\u00f3 que este mes iniciar\u00e1 la rehabilitaci\u00f3n de la plaza de la colonia y el atrio de la iglesia de Las Mercedes, con iluminaci\u00f3n nueva, para que las y los potosinos puedan caminar de forma segura durante la noche y tengan un lugar m\u00e1s de sana convivencia.<\/p>\n\n\n\n<p>La rehabilitaci\u00f3n, realizada entre la calle Ahuehuete y Acceso Norte, incluy\u00f3 cuatro mil 800 metros cuadrados de vialidad, la colocaci\u00f3n de tres mil 490 metros cuadrados de concreto hidr\u00e1ulico de 18 cent\u00edmetros de espesor, as\u00ed como la sustituci\u00f3n de la red de agua potable y sanitaria, con lo que acortan distancias y tiempos para los usuarios, adem\u00e1s de brindar mayor desarrollo social y bienestar a sus habitantes.<\/p>\n","protected":false},"excerpt":{"rendered":"<p>La obra fue realizada con una inversi\u00f3n de m\u00e1s de cinco millones de pesos, de acuerdo con informes del Gobierno del Estado.<\/p>\n","protected":false},"author":4,"featured_media":29864,"comment_status":"closed","ping_status":"closed","sticky":false,"template":"","format":"standard","meta":{"_et_pb_use_builder":"off","_et_pb_old_content":"","_et_gb_content_width":"","footnotes":""},"categories":[280],"tags":[72,66],"class_list":["post-29863","post","type-post","status-publish","format-standard","has-post-thumbnail","hentry","category-gob-slp","tag-gobierno-del-estado","tag-san-luis-potosi"],"_links":{"self":[{"href":"https:\/\/gerardoduque.com.mx\/index.php?rest_route=\/wp\/v2\/posts\/29863","targetHints":{"allow":["GET"]}}],"collection":[{"href":"https:\/\/gerardoduque.com.mx\/index.php?rest_route=\/wp\/v2\/posts"}],"about":[{"href":"https:\/\/gerardoduque.com.mx\/index.php?rest_route=\/wp\/v2\/types\/post"}],"author":[{"embeddable":true,"href":"https:\/\/gerardoduque.com.mx\/index.php?rest_route=\/wp\/v2\/users\/4"}],"replies":[{"embeddable":true,"href":"https:\/\/gerardoduque.com.mx\/index.php?rest_route=%2Fwp%2Fv2%2Fcomments&post=29863"}],"version-history":[{"count":0,"href":"https:\/\/gerardoduque.com.mx\/index.php?rest_route=\/wp\/v2\/posts\/29863\/revisions"}],"wp:featuredmedia":[{"embeddable":true,"href":"https:\/\/gerardoduque.com.mx\/index.php?rest_route=\/wp\/v2\/media\/29864"}],"wp:attachment":[{"href":"https:\/\/gerardoduque.com.mx\/index.php?rest_route=%2Fwp%2Fv2%2Fmedia&parent=29863"}],"wp:term":[{"taxonomy":"category","embeddable":true,"href":"https:\/\/gerardoduque.com.mx\/index.php?rest_route=%2Fwp%2Fv2%2Fcategories&post=29863"},{"taxonomy":"post_tag","embeddable":true,"href":"https:\/\/gerardoduque.com.mx\/index.php?rest_route=%2Fwp%2Fv2%2Ftags&post=29863"}],"curies":[{"name":"wp","href":"https:\/\/api.w.org\/{rel}","templated":true}]}}