{"id":29860,"date":"2024-09-13T07:42:38","date_gmt":"2024-09-13T13:42:38","guid":{"rendered":"https:\/\/gerardoduque.com.mx\/?p=29860"},"modified":"2024-09-13T07:42:40","modified_gmt":"2024-09-13T13:42:40","slug":"estado-exhorta-al-municipio-de-slp-a-atender-danos-en-presa-san-jose","status":"publish","type":"post","link":"https:\/\/gerardoduque.com.mx\/?p=29860","title":{"rendered":"ESTADO EXHORTA AL MUNICIPIO DE SLP A ATENDER DA\u00d1OS EN PRESA SAN JOS\u00c9"},"content":{"rendered":"\n<p>La Coordinaci\u00f3n Estatal de Protecci\u00f3n Civil dio a conocer que derivado de estudios e inspecciones llevadas a cabo en la presa de San Jos\u00e9, en conjunto con investigadores del Instituto de Geolog\u00eda de la Universidad Aut\u00f3noma de San Luis Potos\u00ed, detectaron la presencia de da\u00f1os en el vertedor norte de este importante captador de agua, por lo que exhort\u00f3 a las autoridades municipales a realizar las acciones necesarias para evitar cualquier riesgo.<\/p>\n\n\n\n<p>Personal del Instituto de Geolog\u00eda, detect\u00f3 da\u00f1os despu\u00e9s de las intensas lluvias de julio, adem\u00e1s de que aprecia inestabilidad en algunos bloques de roca en la misma zona, lo que representa una amenaza a los transe\u00fantes del camino peatonal.<\/p>\n\n\n\n<p>Por lo anterior, para evitar riesgos para los potosinos y el da\u00f1o a la estructura de la presa, la dependencia exhort\u00f3 al Organismo Intermunicipal Metropolitano de Agua Potable, Alcantarillado, Saneamiento y Servicios Conexos de Cerro de San Pedro, San Luis Potos\u00ed y Soledad de Graciano S\u00e1nchez y al ayuntamiento de la capital, a realizar las acciones necesarias.<\/p>\n","protected":false},"excerpt":{"rendered":"<p>El estudio del Instituto de Geolog\u00eda de la UASLP detect\u00f3 da\u00f1os en el vertedor norte de este captador agua, e inestabilidad en algunos bloques de roca en la misma zona<\/p>\n","protected":false},"author":4,"featured_media":29861,"comment_status":"closed","ping_status":"closed","sticky":false,"template":"","format":"standard","meta":{"_et_pb_use_builder":"off","_et_pb_old_content":"","_et_gb_content_width":"","footnotes":""},"categories":[412,280],"tags":[190,72,66],"class_list":["post-29860","post","type-post","status-publish","format-standard","has-post-thumbnail","hentry","category-destacado","category-gob-slp","tag-cepc","tag-gobierno-del-estado","tag-san-luis-potosi"],"_links":{"self":[{"href":"https:\/\/gerardoduque.com.mx\/index.php?rest_route=\/wp\/v2\/posts\/29860","targetHints":{"allow":["GET"]}}],"collection":[{"href":"https:\/\/gerardoduque.com.mx\/index.php?rest_route=\/wp\/v2\/posts"}],"about":[{"href":"https:\/\/gerardoduque.com.mx\/index.php?rest_route=\/wp\/v2\/types\/post"}],"author":[{"embeddable":true,"href":"https:\/\/gerardoduque.com.mx\/index.php?rest_route=\/wp\/v2\/users\/4"}],"replies":[{"embeddable":true,"href":"https:\/\/gerardoduque.com.mx\/index.php?rest_route=%2Fwp%2Fv2%2Fcomments&post=29860"}],"version-history":[{"count":0,"href":"https:\/\/gerardoduque.com.mx\/index.php?rest_route=\/wp\/v2\/posts\/29860\/revisions"}],"wp:featuredmedia":[{"embeddable":true,"href":"https:\/\/gerardoduque.com.mx\/index.php?rest_route=\/wp\/v2\/media\/29861"}],"wp:attachment":[{"href":"https:\/\/gerardoduque.com.mx\/index.php?rest_route=%2Fwp%2Fv2%2Fmedia&parent=29860"}],"wp:term":[{"taxonomy":"category","embeddable":true,"href":"https:\/\/gerardoduque.com.mx\/index.php?rest_route=%2Fwp%2Fv2%2Fcategories&post=29860"},{"taxonomy":"post_tag","embeddable":true,"href":"https:\/\/gerardoduque.com.mx\/index.php?rest_route=%2Fwp%2Fv2%2Ftags&post=29860"}],"curies":[{"name":"wp","href":"https:\/\/api.w.org\/{rel}","templated":true}]}}