{"id":29856,"date":"2024-09-12T06:52:33","date_gmt":"2024-09-12T12:52:33","guid":{"rendered":"https:\/\/gerardoduque.com.mx\/?p=29856"},"modified":"2024-09-12T06:52:36","modified_gmt":"2024-09-12T12:52:36","slug":"continuan-los-trabajos-para-promover-la-salud-mental-en-los-planteles-educativos","status":"publish","type":"post","link":"https:\/\/gerardoduque.com.mx\/?p=29856","title":{"rendered":"CONTIN\u00daAN LOS TRABAJOS PARA PROMOVER LA SALUD MENTAL EN LOS PLANTELES EDUCATIVOS"},"content":{"rendered":"\n<p>Para sensibilizar a la poblaci\u00f3n sobre la salud mental, trabajar para que las personas se acerquen y soliciten ayuda ante una situaci\u00f3n emocional complicada y potenciar los factores de protecci\u00f3n, el Sistema Estatal para el Desarrollo Integral de la Familia, realiz\u00f3 en la telesecundaria \u201cMiguel Hidalgo\u201d, en Milpillas, una serie de pl\u00e1ticas que fueron replicadas en los municipios del Estado.<\/p>\n\n\n\n<p>En el marco de la conmemoraci\u00f3n del D\u00eda Mundial para la Prevenci\u00f3n del Suicidio, la Coordinaci\u00f3n de Bienestar Familiar del DIF Estatal, llev\u00f3 a cabo estas charlas dirigidas a j\u00f3venes, que buscan derribar barreras, como el estigma y crear una cultura de comprensi\u00f3n y apoyo para prevenir el suicidio mediante acciones de apoyo a la salud mental y emocional.<\/p>\n\n\n\n<p>El DIF Estatal impulsa capacitaciones, talleres, pl\u00e1ticas, conferencias, foros, ferias de servicios y campa\u00f1as en escuelas, instituciones, empresas o dependencias, en donde se abordan los temas: promoci\u00f3n y difusi\u00f3n de los derechos de ni\u00f1as, ni\u00f1os y adolescentes; el buen trato; acoso escolar; adicciones; embarazo en ni\u00f1as y adolescentes; explotaci\u00f3n sexual y trata de personas; abuso sexual en ni\u00f1as, ni\u00f1os y adolescentes; trabajo infantil; violencia; suicidio y trastornos de la conducta alimentaria, entre otros.<\/p>\n\n\n\n<p>Para acceder a este apoyo, es necesario comunicarse al 444 388 3817 para orientaci\u00f3n sobre el servicio que se solicitar\u00e1 y programar la fecha y horario o solicitud a la direcci\u00f3n general de DIF Estatal.<\/p>\n","protected":false},"excerpt":{"rendered":"<p>Se imparten pl\u00e1ticas para sensibilizar e informar a la poblaci\u00f3n sobre la salud mental y el bienestar para la prevenci\u00f3n del suicidio.<\/p>\n","protected":false},"author":4,"featured_media":29857,"comment_status":"closed","ping_status":"closed","sticky":false,"template":"","format":"standard","meta":{"_et_pb_use_builder":"off","_et_pb_old_content":"","_et_gb_content_width":"","footnotes":""},"categories":[280],"tags":[180,72,66],"class_list":["post-29856","post","type-post","status-publish","format-standard","has-post-thumbnail","hentry","category-gob-slp","tag-dif-estatal","tag-gobierno-del-estado","tag-san-luis-potosi"],"_links":{"self":[{"href":"https:\/\/gerardoduque.com.mx\/index.php?rest_route=\/wp\/v2\/posts\/29856","targetHints":{"allow":["GET"]}}],"collection":[{"href":"https:\/\/gerardoduque.com.mx\/index.php?rest_route=\/wp\/v2\/posts"}],"about":[{"href":"https:\/\/gerardoduque.com.mx\/index.php?rest_route=\/wp\/v2\/types\/post"}],"author":[{"embeddable":true,"href":"https:\/\/gerardoduque.com.mx\/index.php?rest_route=\/wp\/v2\/users\/4"}],"replies":[{"embeddable":true,"href":"https:\/\/gerardoduque.com.mx\/index.php?rest_route=%2Fwp%2Fv2%2Fcomments&post=29856"}],"version-history":[{"count":0,"href":"https:\/\/gerardoduque.com.mx\/index.php?rest_route=\/wp\/v2\/posts\/29856\/revisions"}],"wp:featuredmedia":[{"embeddable":true,"href":"https:\/\/gerardoduque.com.mx\/index.php?rest_route=\/wp\/v2\/media\/29857"}],"wp:attachment":[{"href":"https:\/\/gerardoduque.com.mx\/index.php?rest_route=%2Fwp%2Fv2%2Fmedia&parent=29856"}],"wp:term":[{"taxonomy":"category","embeddable":true,"href":"https:\/\/gerardoduque.com.mx\/index.php?rest_route=%2Fwp%2Fv2%2Fcategories&post=29856"},{"taxonomy":"post_tag","embeddable":true,"href":"https:\/\/gerardoduque.com.mx\/index.php?rest_route=%2Fwp%2Fv2%2Ftags&post=29856"}],"curies":[{"name":"wp","href":"https:\/\/api.w.org\/{rel}","templated":true}]}}