{"id":29850,"date":"2024-09-12T06:43:58","date_gmt":"2024-09-12T12:43:58","guid":{"rendered":"https:\/\/gerardoduque.com.mx\/?p=29850"},"modified":"2024-09-12T06:44:01","modified_gmt":"2024-09-12T12:44:01","slug":"congreso-mexicano-de-anestesiologia-se-realiza-en-el-centro-de-convenciones","status":"publish","type":"post","link":"https:\/\/gerardoduque.com.mx\/?p=29850","title":{"rendered":"CONGRESO MEXICANO DE ANESTESIOLOG\u00cdA SE REALIZA EN EL CENTRO DE CONVENCIONES"},"content":{"rendered":"\n<p>El Centro de Convenciones de San Luis Potos\u00ed, es la sede del LVI Congreso Mexicano de Anestesiolog\u00eda, reconocido como uno de los principales en el \u00e1mbito nacional e internacional, avalado por el Consejo Nacional de Certificaci\u00f3n en Anestesiolog\u00eda AC, que desde este mi\u00e9rcoles 11 de septiembre al s\u00e1bado 14, recibir\u00e1 a m\u00e1s de tres mil 500 personas de diferentes partes del pa\u00eds.<\/p>\n\n\n\n<p>El congreso tiene una alta expectativa de participaci\u00f3n, de personas locales y for\u00e1neas, reuniendo a especialistas en anestesiolog\u00eda, quienes tendr\u00e1n la oportunidad de enriquecer sus conocimientos y habilidades mediante un programa que incluye m\u00e1s de 20 ponentes de renombre internacional.<\/p>\n\n\n\n<p>El LVI Congreso Mexicano de Anestesiolog\u00eda, proyecta aportar al crecimiento econ\u00f3mico local y fortalecer\u00e1 la posici\u00f3n de San Luis Potos\u00ed como un referente destacado en el campo de la anestesiolog\u00eda, aportando significativos beneficios para el Estado y su comunidad m\u00e9dica, con una derrama econ\u00f3mica de m\u00e1s de 25 millones de pesos.<\/p>\n","protected":false},"excerpt":{"rendered":"<p>Re\u00fane a m\u00e1s de tres mil 500 asistentes que dejar\u00e1n una derrama econ\u00f3mica de m\u00e1s de 25 millones de pesos en diferentes sectores, como el hotelero, de servicios y alimentos<\/p>\n","protected":false},"author":4,"featured_media":29851,"comment_status":"closed","ping_status":"closed","sticky":false,"template":"","format":"standard","meta":{"_et_pb_use_builder":"off","_et_pb_old_content":"","_et_gb_content_width":"","footnotes":""},"categories":[280],"tags":[493,72,66],"class_list":["post-29850","post","type-post","status-publish","format-standard","has-post-thumbnail","hentry","category-gob-slp","tag-ccslp","tag-gobierno-del-estado","tag-san-luis-potosi"],"_links":{"self":[{"href":"https:\/\/gerardoduque.com.mx\/index.php?rest_route=\/wp\/v2\/posts\/29850","targetHints":{"allow":["GET"]}}],"collection":[{"href":"https:\/\/gerardoduque.com.mx\/index.php?rest_route=\/wp\/v2\/posts"}],"about":[{"href":"https:\/\/gerardoduque.com.mx\/index.php?rest_route=\/wp\/v2\/types\/post"}],"author":[{"embeddable":true,"href":"https:\/\/gerardoduque.com.mx\/index.php?rest_route=\/wp\/v2\/users\/4"}],"replies":[{"embeddable":true,"href":"https:\/\/gerardoduque.com.mx\/index.php?rest_route=%2Fwp%2Fv2%2Fcomments&post=29850"}],"version-history":[{"count":0,"href":"https:\/\/gerardoduque.com.mx\/index.php?rest_route=\/wp\/v2\/posts\/29850\/revisions"}],"wp:featuredmedia":[{"embeddable":true,"href":"https:\/\/gerardoduque.com.mx\/index.php?rest_route=\/wp\/v2\/media\/29851"}],"wp:attachment":[{"href":"https:\/\/gerardoduque.com.mx\/index.php?rest_route=%2Fwp%2Fv2%2Fmedia&parent=29850"}],"wp:term":[{"taxonomy":"category","embeddable":true,"href":"https:\/\/gerardoduque.com.mx\/index.php?rest_route=%2Fwp%2Fv2%2Fcategories&post=29850"},{"taxonomy":"post_tag","embeddable":true,"href":"https:\/\/gerardoduque.com.mx\/index.php?rest_route=%2Fwp%2Fv2%2Ftags&post=29850"}],"curies":[{"name":"wp","href":"https:\/\/api.w.org\/{rel}","templated":true}]}}