{"id":29844,"date":"2024-09-12T06:36:02","date_gmt":"2024-09-12T12:36:02","guid":{"rendered":"https:\/\/gerardoduque.com.mx\/?p=29844"},"modified":"2024-09-12T06:36:05","modified_gmt":"2024-09-12T12:36:05","slug":"realizan-taller-de-telar-de-cintura","status":"publish","type":"post","link":"https:\/\/gerardoduque.com.mx\/?p=29844","title":{"rendered":"REALIZAN TALLER DE \u201cTELAR DE CINTURA\u201d"},"content":{"rendered":"\n<p>El Instituto de Desarrollo Humano y Social de los Pueblos y Comunidades Ind\u00edgenas del Estado, realiza acciones que contribuyen a la preservaci\u00f3n y rescate de pr\u00e1cticas tradicionales que forman parte de la identidad cultural de San Luis Potos\u00ed, a fin de brindar m\u00e1s apoyo a los pueblos originarios<\/p>\n\n\n\n<p>Una de ellas fue la realizaci\u00f3n del taller de \u201cTelar de Cintura\u201d, cuya pr\u00e1ctica ha sido amenazada debido a la modernizaci\u00f3n y globalizaci\u00f3n, con la intenci\u00f3n de contrarrestar estos efectos y por el contrario rescatar, promover y transmitir de generaci\u00f3n en generaci\u00f3n tan importante tradici\u00f3n textil.<\/p>\n\n\n\n<p>Este taller fue impartido por el artesano textil \u00c1ngel Hern\u00e1ndez Gonz\u00e1lez, nahua de la comunidad de Mahuajco, municipio de Coxcatl\u00e1n, quien pudo compartir con las 25 personas participantes, en su mayor\u00eda pertenecientes al pueblo T\u00e9nek, las t\u00e9cnicas de tejido a mano y tintes vegetales, el proceso que \u00e9l realiza desde la siembra y cosecha de algod\u00f3n, hasta el producto final del telar.<\/p>\n\n\n\n<p>Estuvo presente durante el desarrollo de este taller, el titular de Indepi, quien mencion\u00f3 que esta t\u00e9cnica artesanal permite la elaboraci\u00f3n de textiles a mano de excelente calidad, piezas \u00fanicas, que conservan los sue\u00f1os de los tejedores y son claras manifestaciones de su ideolog\u00eda y cosmovisi\u00f3n, que al ser comercializadas generan un impacto positivo en la econom\u00eda familiar y comunitaria.<\/p>\n","protected":false},"excerpt":{"rendered":"<p>En el taller, los participantes aprendieron sobre la cultura e identidad de los nahuas.<\/p>\n","protected":false},"author":4,"featured_media":29845,"comment_status":"closed","ping_status":"closed","sticky":false,"template":"","format":"standard","meta":{"_et_pb_use_builder":"off","_et_pb_old_content":"","_et_gb_content_width":"","footnotes":""},"categories":[280],"tags":[72,395,66],"class_list":["post-29844","post","type-post","status-publish","format-standard","has-post-thumbnail","hentry","category-gob-slp","tag-gobierno-del-estado","tag-indepi","tag-san-luis-potosi"],"_links":{"self":[{"href":"https:\/\/gerardoduque.com.mx\/index.php?rest_route=\/wp\/v2\/posts\/29844","targetHints":{"allow":["GET"]}}],"collection":[{"href":"https:\/\/gerardoduque.com.mx\/index.php?rest_route=\/wp\/v2\/posts"}],"about":[{"href":"https:\/\/gerardoduque.com.mx\/index.php?rest_route=\/wp\/v2\/types\/post"}],"author":[{"embeddable":true,"href":"https:\/\/gerardoduque.com.mx\/index.php?rest_route=\/wp\/v2\/users\/4"}],"replies":[{"embeddable":true,"href":"https:\/\/gerardoduque.com.mx\/index.php?rest_route=%2Fwp%2Fv2%2Fcomments&post=29844"}],"version-history":[{"count":0,"href":"https:\/\/gerardoduque.com.mx\/index.php?rest_route=\/wp\/v2\/posts\/29844\/revisions"}],"wp:featuredmedia":[{"embeddable":true,"href":"https:\/\/gerardoduque.com.mx\/index.php?rest_route=\/wp\/v2\/media\/29845"}],"wp:attachment":[{"href":"https:\/\/gerardoduque.com.mx\/index.php?rest_route=%2Fwp%2Fv2%2Fmedia&parent=29844"}],"wp:term":[{"taxonomy":"category","embeddable":true,"href":"https:\/\/gerardoduque.com.mx\/index.php?rest_route=%2Fwp%2Fv2%2Fcategories&post=29844"},{"taxonomy":"post_tag","embeddable":true,"href":"https:\/\/gerardoduque.com.mx\/index.php?rest_route=%2Fwp%2Fv2%2Ftags&post=29844"}],"curies":[{"name":"wp","href":"https:\/\/api.w.org\/{rel}","templated":true}]}}