{"id":29841,"date":"2024-09-12T06:31:11","date_gmt":"2024-09-12T12:31:11","guid":{"rendered":"https:\/\/gerardoduque.com.mx\/?p=29841"},"modified":"2024-09-12T06:31:14","modified_gmt":"2024-09-12T12:31:14","slug":"reconocen-al-trebol-negro-jr-un-ejemplo-como-deportista-y-elemento-de-la-guardia-civil-estatal","status":"publish","type":"post","link":"https:\/\/gerardoduque.com.mx\/?p=29841","title":{"rendered":"RECONOCEN AL \u201cTR\u00c9BOL NEGRO JR.\u201d: UN EJEMPLO COMO DEPORTISTA Y ELEMENTO DE LA GUARDIA CIVIL ESTATAL"},"content":{"rendered":"\n<p>Antonio, quien es mejor conocido en el mundo luch\u00edstico como \u201cTr\u00e9bol Negro Jr.\u201d, ha sabido compaginar su labor como deportista de alto rendimiento y como oficial de la Guardia Civil Estatal, un ejemplo de disciplina, entrega y perseverancia, que termina su labor como luchador profesional el pr\u00f3ximo mes de octubre, al igual que su trayectoria polic\u00edaca al celebrar 30 a\u00f1os de carrera.<\/p>\n\n\n\n<p>Desde su infancia, tuvo como ejemplo a su padre, Tr\u00e9bol Negro, quien forj\u00f3 su camino en la lucha libre en los \u201crudos\u201d, destacando con una carrera intachable que motiv\u00f3 a su hijo a seguir sus pasos y concibi\u00f3 una carrera deportiva de renombre, adem\u00e1s de ingresar a la Direcci\u00f3n de Seguridad Social y Vialidad, en la d\u00e9cada de los 90, donde destac\u00f3 en agrupamientos de renombre, y contin\u00fao con ambas carreras, gan\u00e1ndose el cari\u00f1o de quienes sab\u00edan de su doble labor.<\/p>\n\n\n\n<p>Al confirmar que presentar\u00e1 un comic este 12 de septiembre en la Biblioteca Central del Estado para celebrar su carrera deportiva y la memoria de su padre, dijo que pocos conocen su historia porque: \u201cme dijeron que deb\u00eda guardarse con respeto y celo\u201d y resalt\u00f3 que, al ponerse su m\u00e1scara y atuendo, le permite entrar al ring a darlo todo, similar al usar su uniforme, lustrar sus botas, colocar sus insignias y dar lo mejor de s\u00ed en la seguridad de los potosinos.<\/p>\n\n\n\n<p>Pese a sus condiciones de salud, gracias el esp\u00edritu de lucha y a la motivaci\u00f3n, form\u00f3 parte del grupo de instructores de la Academia Estatal de Polic\u00eda y continu\u00f3 con su carrera como luchador, al destacar que tiene un c\u00famulo de emociones por las dos etapas que est\u00e1n por terminar, sin m\u00e1scara y pr\u00f3ximamente sin uniforme, pero poco a poco guiar\u00e1 esta etapa a su familia, quienes le han respaldado en cada paso.<\/p>\n\n\n\n<p>Para la Guardia Civil Estatal, es importante enaltecer la disciplina, entrega, \u00edmpetu y entusiasmo de sus elementos al ejercer su labor y el trabajo de las diferentes disciplinas deportivas, por ello acompa\u00f1a al Tr\u00e9bol Negro Jr en este camino que est\u00e1 por culminar, con orgullo y honor, valores que le distinguen como miembro destacado de esta corporaci\u00f3n.<\/p>\n","protected":false},"excerpt":{"rendered":"<p>Su camino en el deporte est\u00e1 por terminar este pr\u00f3ximo mes de octubre, al igual que su trayectoria polic\u00edaca al celebrar 30 a\u00f1os de carrera.<\/p>\n","protected":false},"author":4,"featured_media":29842,"comment_status":"closed","ping_status":"closed","sticky":false,"template":"","format":"standard","meta":{"_et_pb_use_builder":"off","_et_pb_old_content":"","_et_gb_content_width":"","footnotes":""},"categories":[280],"tags":[390,72,66],"class_list":["post-29841","post","type-post","status-publish","format-standard","has-post-thumbnail","hentry","category-gob-slp","tag-gce","tag-gobierno-del-estado","tag-san-luis-potosi"],"_links":{"self":[{"href":"https:\/\/gerardoduque.com.mx\/index.php?rest_route=\/wp\/v2\/posts\/29841","targetHints":{"allow":["GET"]}}],"collection":[{"href":"https:\/\/gerardoduque.com.mx\/index.php?rest_route=\/wp\/v2\/posts"}],"about":[{"href":"https:\/\/gerardoduque.com.mx\/index.php?rest_route=\/wp\/v2\/types\/post"}],"author":[{"embeddable":true,"href":"https:\/\/gerardoduque.com.mx\/index.php?rest_route=\/wp\/v2\/users\/4"}],"replies":[{"embeddable":true,"href":"https:\/\/gerardoduque.com.mx\/index.php?rest_route=%2Fwp%2Fv2%2Fcomments&post=29841"}],"version-history":[{"count":0,"href":"https:\/\/gerardoduque.com.mx\/index.php?rest_route=\/wp\/v2\/posts\/29841\/revisions"}],"wp:featuredmedia":[{"embeddable":true,"href":"https:\/\/gerardoduque.com.mx\/index.php?rest_route=\/wp\/v2\/media\/29842"}],"wp:attachment":[{"href":"https:\/\/gerardoduque.com.mx\/index.php?rest_route=%2Fwp%2Fv2%2Fmedia&parent=29841"}],"wp:term":[{"taxonomy":"category","embeddable":true,"href":"https:\/\/gerardoduque.com.mx\/index.php?rest_route=%2Fwp%2Fv2%2Fcategories&post=29841"},{"taxonomy":"post_tag","embeddable":true,"href":"https:\/\/gerardoduque.com.mx\/index.php?rest_route=%2Fwp%2Fv2%2Ftags&post=29841"}],"curies":[{"name":"wp","href":"https:\/\/api.w.org\/{rel}","templated":true}]}}