{"id":29838,"date":"2024-09-12T06:26:48","date_gmt":"2024-09-12T12:26:48","guid":{"rendered":"https:\/\/gerardoduque.com.mx\/?p=29838"},"modified":"2024-09-12T06:26:51","modified_gmt":"2024-09-12T12:26:51","slug":"brindaran-seguridad-a-productores-agricolas-del-altiplano","status":"publish","type":"post","link":"https:\/\/gerardoduque.com.mx\/?p=29838","title":{"rendered":"BRINDAR\u00c1N SEGURIDAD A PRODUCTORES AGR\u00cdCOLAS DEL ALTIPLANO"},"content":{"rendered":"\n<p>El secretario general de Gobierno, J. Guadalupe Torres S\u00e1nchez, sostuvo con los productores, donde acordaron mantener de forma permanente los esquemas de seguridad y reforzarlos en los puntos que lo requieran para prevenir posibles delitos, adem\u00e1s de escuchar las peticiones de agricultores para lograr que esta regi\u00f3n sea una de las m\u00e1s seguras del Estado.<\/p>\n\n\n\n<p>Reconoci\u00f3 la importancia productiva y comercial del Valle de Arista y refrend\u00f3 el compromiso para garantizar v\u00edas seguras para sus actividades que forman parte del desarrollo econ\u00f3mico de la regi\u00f3n y asegur\u00f3 que no habr\u00e1 marcha atr\u00e1s en esta importante tarea en la que coincidi\u00f3 el secretario de Seguridad y Protecci\u00f3n Ciudadana del Estado, quien tambi\u00e9n acudi\u00f3 a este encuentro.<\/p>\n\n\n\n<p>Torres S\u00e1nchez dijo que en otros municipios se aplican esquemas de seguridad similares con muy buenos resultados como es el caso de Charcas, Venado, Matehuala y Real de Catorce donde hay presencia continua de elementos de la Guardia Nacional y del Ej\u00e9rcito, que establecieron sus bases operativas en la regi\u00f3n.<\/p>\n","protected":false},"excerpt":{"rendered":"<p>En reuni\u00f3n, se acord\u00f3 mantener de forma permanente los esquemas de seguridad y reforzarlos en los puntos que lo requieran para prevenir posibles delitos<\/p>\n","protected":false},"author":4,"featured_media":29839,"comment_status":"closed","ping_status":"closed","sticky":false,"template":"","format":"standard","meta":{"_et_pb_use_builder":"off","_et_pb_old_content":"","_et_gb_content_width":"","footnotes":""},"categories":[280],"tags":[72,66,213],"class_list":["post-29838","post","type-post","status-publish","format-standard","has-post-thumbnail","hentry","category-gob-slp","tag-gobierno-del-estado","tag-san-luis-potosi","tag-seguridad"],"_links":{"self":[{"href":"https:\/\/gerardoduque.com.mx\/index.php?rest_route=\/wp\/v2\/posts\/29838","targetHints":{"allow":["GET"]}}],"collection":[{"href":"https:\/\/gerardoduque.com.mx\/index.php?rest_route=\/wp\/v2\/posts"}],"about":[{"href":"https:\/\/gerardoduque.com.mx\/index.php?rest_route=\/wp\/v2\/types\/post"}],"author":[{"embeddable":true,"href":"https:\/\/gerardoduque.com.mx\/index.php?rest_route=\/wp\/v2\/users\/4"}],"replies":[{"embeddable":true,"href":"https:\/\/gerardoduque.com.mx\/index.php?rest_route=%2Fwp%2Fv2%2Fcomments&post=29838"}],"version-history":[{"count":0,"href":"https:\/\/gerardoduque.com.mx\/index.php?rest_route=\/wp\/v2\/posts\/29838\/revisions"}],"wp:featuredmedia":[{"embeddable":true,"href":"https:\/\/gerardoduque.com.mx\/index.php?rest_route=\/wp\/v2\/media\/29839"}],"wp:attachment":[{"href":"https:\/\/gerardoduque.com.mx\/index.php?rest_route=%2Fwp%2Fv2%2Fmedia&parent=29838"}],"wp:term":[{"taxonomy":"category","embeddable":true,"href":"https:\/\/gerardoduque.com.mx\/index.php?rest_route=%2Fwp%2Fv2%2Fcategories&post=29838"},{"taxonomy":"post_tag","embeddable":true,"href":"https:\/\/gerardoduque.com.mx\/index.php?rest_route=%2Fwp%2Fv2%2Ftags&post=29838"}],"curies":[{"name":"wp","href":"https:\/\/api.w.org\/{rel}","templated":true}]}}