{"id":29816,"date":"2024-09-11T06:42:14","date_gmt":"2024-09-11T12:42:14","guid":{"rendered":"https:\/\/gerardoduque.com.mx\/?p=29816"},"modified":"2024-09-11T06:42:16","modified_gmt":"2024-09-11T12:42:16","slug":"toman-acciones-ante-inicio-de-temporada-de-frentes-frios","status":"publish","type":"post","link":"https:\/\/gerardoduque.com.mx\/?p=29816","title":{"rendered":"TOMAN ACCIONES ANTE INICIO DE TEMPORADA DE FRENTES FR\u00cdOS"},"content":{"rendered":"\n<p>Debido a que el Servicio Meteorol\u00f3gico Nacional de la Comisi\u00f3n Nacional del Agua pronostica 48 frentes fr\u00edos para la temporada invernal del primero de septiembre de este a\u00f1o, al 31 de mayo del 2025, la Coordinaci\u00f3n Estatal de Protecci\u00f3n Civil brindar\u00e1 m\u00e1s apoyo a las familias que lo requieran, en coordinaci\u00f3n con los municipios de las cuatro regiones, mediante acciones de prevenci\u00f3n y atenci\u00f3n.<\/p>\n\n\n\n<p>La dependencia exhort\u00f3 a los 58 ayuntamientos para estar preparados ante la temporada invernal, por lo que pidi\u00f3 tener listos refugios temporales y dar atenci\u00f3n a la poblaci\u00f3n m\u00e1s vulnerable.<\/p>\n\n\n\n<p>En septiembre habr\u00e1 tres frentes fr\u00edos, en octubre cuatro, en noviembre seis y en diciembre ocho; mientras que enero del 2025 pronostican ocho, en febrero siete, en marzo seis, en abril cuatro y en mayo dos.<\/p>\n\n\n\n<p>Actualmente el frente fr\u00edo n\u00famero uno transita al norte del pa\u00eds, moderando un poco las temperaturas y provocando humedad en el ambiente.<\/p>\n","protected":false},"excerpt":{"rendered":"<p>El Servicio Meteorol\u00f3gico Nacional pronostica 48 frentes fr\u00edos, por lo que la Coordinaci\u00f3n de Protecci\u00f3n Civil exhorta a los municipios a preparase ante las bajas temperaturas<\/p>\n","protected":false},"author":4,"featured_media":29817,"comment_status":"closed","ping_status":"closed","sticky":false,"template":"","format":"standard","meta":{"_et_pb_use_builder":"off","_et_pb_old_content":"","_et_gb_content_width":"","footnotes":""},"categories":[412,280],"tags":[190,72,66],"class_list":["post-29816","post","type-post","status-publish","format-standard","has-post-thumbnail","hentry","category-destacado","category-gob-slp","tag-cepc","tag-gobierno-del-estado","tag-san-luis-potosi"],"_links":{"self":[{"href":"https:\/\/gerardoduque.com.mx\/index.php?rest_route=\/wp\/v2\/posts\/29816","targetHints":{"allow":["GET"]}}],"collection":[{"href":"https:\/\/gerardoduque.com.mx\/index.php?rest_route=\/wp\/v2\/posts"}],"about":[{"href":"https:\/\/gerardoduque.com.mx\/index.php?rest_route=\/wp\/v2\/types\/post"}],"author":[{"embeddable":true,"href":"https:\/\/gerardoduque.com.mx\/index.php?rest_route=\/wp\/v2\/users\/4"}],"replies":[{"embeddable":true,"href":"https:\/\/gerardoduque.com.mx\/index.php?rest_route=%2Fwp%2Fv2%2Fcomments&post=29816"}],"version-history":[{"count":0,"href":"https:\/\/gerardoduque.com.mx\/index.php?rest_route=\/wp\/v2\/posts\/29816\/revisions"}],"wp:featuredmedia":[{"embeddable":true,"href":"https:\/\/gerardoduque.com.mx\/index.php?rest_route=\/wp\/v2\/media\/29817"}],"wp:attachment":[{"href":"https:\/\/gerardoduque.com.mx\/index.php?rest_route=%2Fwp%2Fv2%2Fmedia&parent=29816"}],"wp:term":[{"taxonomy":"category","embeddable":true,"href":"https:\/\/gerardoduque.com.mx\/index.php?rest_route=%2Fwp%2Fv2%2Fcategories&post=29816"},{"taxonomy":"post_tag","embeddable":true,"href":"https:\/\/gerardoduque.com.mx\/index.php?rest_route=%2Fwp%2Fv2%2Ftags&post=29816"}],"curies":[{"name":"wp","href":"https:\/\/api.w.org\/{rel}","templated":true}]}}