{"id":29766,"date":"2024-09-08T22:52:53","date_gmt":"2024-09-09T04:52:53","guid":{"rendered":"https:\/\/gerardoduque.com.mx\/?p=29766"},"modified":"2024-09-08T22:52:55","modified_gmt":"2024-09-09T04:52:55","slug":"se-revienta-tirolesa-en-micos-a-mas-de-sesenta-metros-de-altura-un-joven-murio-por-la-caida","status":"publish","type":"post","link":"https:\/\/gerardoduque.com.mx\/?p=29766","title":{"rendered":"SE REVIENTA TIROLESA EN MICOS A M\u00c1S DE SESENTA METROS DE ALTURA; UN JOVEN MURI\u00d3 POR LA CA\u00cdDA"},"content":{"rendered":"\n<p>A trav\u00e9s de un bolet\u00edn de prensa la Coordinaci\u00f3n Estatal de Protecci\u00f3n Civil cita que su titular Mauricio Ordaz Flores: <strong>\u201cinform\u00f3 que este atractivo tur\u00edstico fue clausurado, el cual ya hab\u00edan revisado y les hab\u00eda solicitado darle mantenimiento al cable de acero\u201d.<\/strong><\/p>\n\n\n\n<p>Alrededor de las 14:15 horas de este domingo las corporaciones de emergencia recibieron el reporte sobre un mortal episodio en la tirolesa del paraje Micos, que se ubica en la zona rural de Ciudad Valles.<\/p>\n\n\n\n<p>Al arribar al sitio las autoridades revisaron la tirolesa y corroboraron que un cable de acero se hab\u00eda reventado. Por ello, desde una altura superior a cincuenta metros Antonio se precipit\u00f3 en ca\u00edda libre hacia un \u00e1rea de rocas y \u00e1rboles, resultando con golpes que le ocasionaron la muerte. Finalmente, su cuerpo fue arrastrado por la corriente y qued\u00f3 flotando en el agua ante la mirada de sus compa\u00f1eros de trabajo y de turistas.<\/p>\n\n\n\n<p>Antonio Hern\u00e1ndez era originario del ejido la Pitahaya, ten\u00eda 35 a\u00f1os de edad y trabajaba para la empresa Adventureland (due\u00f1a de la tirolesa).<\/p>\n\n\n\n<p>Al sitio acudieron decenas de especialistas en rescate acu\u00e1tico, prestadores de servicios tur\u00edsticos, as\u00ed como param\u00e9dicos, bomberos, polic\u00edas de diversas corporaciones y personal de Protecci\u00f3n Civil.<\/p>\n\n\n\n<p>Para trabajar en el rescate del cuerpo utilizaron una balsa para entrar al r\u00edo y anclaron una cuerda de doscientos metros de longitud para asegurar una camilla.<\/p>\n\n\n\n<p>Hasta la noche de este domingo la Secretar\u00eda de Turismo Estatal no se ha posicionado al respecto.<\/p>\n\n\n\n<p>Derivado de estos hechos, la Fiscal\u00eda General del Estado inici\u00f3 una investigaci\u00f3n.<\/p>\n","protected":false},"excerpt":{"rendered":"<p>El atractivo qued\u00f3 clausurado s\u00f3lo despu\u00e9s de la tragedia <\/p>\n","protected":false},"author":4,"featured_media":29767,"comment_status":"closed","ping_status":"closed","sticky":false,"template":"","format":"standard","meta":{"_et_pb_use_builder":"off","_et_pb_old_content":"","_et_gb_content_width":"","footnotes":""},"categories":[412,62],"tags":[],"class_list":["post-29766","post","type-post","status-publish","format-standard","has-post-thumbnail","hentry","category-destacado","category-redaccion"],"_links":{"self":[{"href":"https:\/\/gerardoduque.com.mx\/index.php?rest_route=\/wp\/v2\/posts\/29766","targetHints":{"allow":["GET"]}}],"collection":[{"href":"https:\/\/gerardoduque.com.mx\/index.php?rest_route=\/wp\/v2\/posts"}],"about":[{"href":"https:\/\/gerardoduque.com.mx\/index.php?rest_route=\/wp\/v2\/types\/post"}],"author":[{"embeddable":true,"href":"https:\/\/gerardoduque.com.mx\/index.php?rest_route=\/wp\/v2\/users\/4"}],"replies":[{"embeddable":true,"href":"https:\/\/gerardoduque.com.mx\/index.php?rest_route=%2Fwp%2Fv2%2Fcomments&post=29766"}],"version-history":[{"count":0,"href":"https:\/\/gerardoduque.com.mx\/index.php?rest_route=\/wp\/v2\/posts\/29766\/revisions"}],"wp:featuredmedia":[{"embeddable":true,"href":"https:\/\/gerardoduque.com.mx\/index.php?rest_route=\/wp\/v2\/media\/29767"}],"wp:attachment":[{"href":"https:\/\/gerardoduque.com.mx\/index.php?rest_route=%2Fwp%2Fv2%2Fmedia&parent=29766"}],"wp:term":[{"taxonomy":"category","embeddable":true,"href":"https:\/\/gerardoduque.com.mx\/index.php?rest_route=%2Fwp%2Fv2%2Fcategories&post=29766"},{"taxonomy":"post_tag","embeddable":true,"href":"https:\/\/gerardoduque.com.mx\/index.php?rest_route=%2Fwp%2Fv2%2Ftags&post=29766"}],"curies":[{"name":"wp","href":"https:\/\/api.w.org\/{rel}","templated":true}]}}