{"id":29762,"date":"2024-09-08T21:14:50","date_gmt":"2024-09-09T03:14:50","guid":{"rendered":"https:\/\/gerardoduque.com.mx\/?p=29762"},"modified":"2024-09-08T21:14:52","modified_gmt":"2024-09-09T03:14:52","slug":"hallan-sin-vida-al-trabajador-de-cfe-desaparecido-en-san-nicolas-tolentino","status":"publish","type":"post","link":"https:\/\/gerardoduque.com.mx\/?p=29762","title":{"rendered":"HALLAN SIN VIDA AL TRABAJADOR DE CFE DESAPARECIDO EN SAN NICOL\u00c1S TOLENTINO"},"content":{"rendered":"\n<p>Tras prolongadas jornadas de b\u00fasqueda que iniciaron desde el pasado mi\u00e9rcoles 04 de septiembre, finalmente fue encontrado el cuerpo de Noel Escobar Morales de 46 a\u00f1os de edad, quien era trabajador de la Comisi\u00f3n Federal de Electricidad.<\/p>\n\n\n\n<p>El cad\u00e1ver de Noel fue hallado la tarde noche de este domingo en medio de una superficie accidentada y llena de abundante maleza, a aproximadamente dos kil\u00f3metros de distancia del sitio a donde hab\u00eda llegado a laborar junto a sus compa\u00f1eros de la CFE, que correspond\u00eda a un paraje entre la sierra del municipio de San Nicol\u00e1s Tolentino, conocido como La Saladita.<\/p>\n\n\n\n<p>Desde las primeras horas de su desaparici\u00f3n, trascendi\u00f3 que Noel padec\u00eda hipertensi\u00f3n y diabetes, siendo esas las causas por las que se habr\u00eda retirado de los trabajos que realizaba el mi\u00e9rcoles junto a sus compa\u00f1eros de la CFE. Sin embargo, las causas de su fallecimiento ser\u00e1n reveladas a trav\u00e9s de la necropsia que se le realizar\u00e1.<\/p>\n\n\n\n<p><strong>HERMANO DE NOEL TAMBI\u00c9N DESAPARECI\u00d3, PERO FUE ENCONTRADO CON VIDA<\/strong><\/p>\n\n\n\n<p>Ra\u00fal Escobar Morales hab\u00eda sido visto por \u00faltima vez el jueves cuando se encontraba en los recorridos para intentar localizar a su hermano Noel, cerca de la localidad Ojo de Agua perteneciente a San Nicol\u00e1s Tolentino.<\/p>\n\n\n\n<p>Fue hasta hoy domingo cuando Ra\u00fal fue localizado con vida. Fue hallado durante la ma\u00f1ana en lo alto de la sierra. Aunque presentaba lesiones menores se encuentra fuera de peligro y fue llevado a recibir atenci\u00f3n m\u00e9dica a Rioverde, donde rendir\u00eda su declaraci\u00f3n ante las autoridades correspondientes.<\/p>\n\n\n\n<p>Tras encontrar a Ra\u00fal este domingo por la ma\u00f1ana, personal especializado, amigos y familiares continuaron con la b\u00fasqueda de su hermano Noel, pero finalmente fue hallado sin vida.<\/p>\n\n\n\n<p>En la b\u00fasqueda de ambos hermanos participaron empleados de la Comisi\u00f3n Federal de Electricidad, elementos del Ej\u00e9rcito, de la Guardia Civil Estatal, Bomberos, Protecci\u00f3n Civil y ciudadanos que se solidarizaron.<\/p>\n","protected":false},"excerpt":{"rendered":"<p>Desde el mi\u00e9rcoles se dej\u00f3 de saber sobre su paradero <\/p>\n","protected":false},"author":4,"featured_media":29763,"comment_status":"closed","ping_status":"closed","sticky":false,"template":"","format":"standard","meta":{"_et_pb_use_builder":"off","_et_pb_old_content":"","_et_gb_content_width":"","footnotes":""},"categories":[412,62],"tags":[],"class_list":["post-29762","post","type-post","status-publish","format-standard","has-post-thumbnail","hentry","category-destacado","category-redaccion"],"_links":{"self":[{"href":"https:\/\/gerardoduque.com.mx\/index.php?rest_route=\/wp\/v2\/posts\/29762","targetHints":{"allow":["GET"]}}],"collection":[{"href":"https:\/\/gerardoduque.com.mx\/index.php?rest_route=\/wp\/v2\/posts"}],"about":[{"href":"https:\/\/gerardoduque.com.mx\/index.php?rest_route=\/wp\/v2\/types\/post"}],"author":[{"embeddable":true,"href":"https:\/\/gerardoduque.com.mx\/index.php?rest_route=\/wp\/v2\/users\/4"}],"replies":[{"embeddable":true,"href":"https:\/\/gerardoduque.com.mx\/index.php?rest_route=%2Fwp%2Fv2%2Fcomments&post=29762"}],"version-history":[{"count":0,"href":"https:\/\/gerardoduque.com.mx\/index.php?rest_route=\/wp\/v2\/posts\/29762\/revisions"}],"wp:featuredmedia":[{"embeddable":true,"href":"https:\/\/gerardoduque.com.mx\/index.php?rest_route=\/wp\/v2\/media\/29763"}],"wp:attachment":[{"href":"https:\/\/gerardoduque.com.mx\/index.php?rest_route=%2Fwp%2Fv2%2Fmedia&parent=29762"}],"wp:term":[{"taxonomy":"category","embeddable":true,"href":"https:\/\/gerardoduque.com.mx\/index.php?rest_route=%2Fwp%2Fv2%2Fcategories&post=29762"},{"taxonomy":"post_tag","embeddable":true,"href":"https:\/\/gerardoduque.com.mx\/index.php?rest_route=%2Fwp%2Fv2%2Ftags&post=29762"}],"curies":[{"name":"wp","href":"https:\/\/api.w.org\/{rel}","templated":true}]}}