{"id":29752,"date":"2024-09-08T11:48:46","date_gmt":"2024-09-08T17:48:46","guid":{"rendered":"https:\/\/gerardoduque.com.mx\/?p=29752"},"modified":"2024-09-08T11:49:32","modified_gmt":"2024-09-08T17:49:32","slug":"sigue-la-busqueda-de-noel-tras-la-localizan-de-su-hermano-raul","status":"publish","type":"post","link":"https:\/\/gerardoduque.com.mx\/?p=29752","title":{"rendered":"SIGUE LA B\u00daSQUEDA DE NOEL TRAS LA LOCALIZACI\u00d3N DE SU HERMANO RA\u00daL"},"content":{"rendered":"\n<p>La ma\u00f1ana de este domingo, la Comisi\u00f3n Estatal de B\u00fasqueda de Personas confirm\u00f3 la localizaci\u00f3n con vida de Ra\u00fal Escobar Morales.<\/p>\n\n\n\n<p>Seg\u00fan informaci\u00f3n preliminar, Ra\u00fal fue hallado durante la ma\u00f1ana en lo alto de la sierra del municipio de San Nicol\u00e1s Tolentino.<\/p>\n\n\n\n<p>Aunque presenta lesiones menores, permanece consciente y estable, fuera de peligro.<\/p>\n\n\n\n<p>Fue trasladado en una ambulancia hacia la zona de Rioverde &#8211; Ciudad Fern\u00e1ndez.<\/p>\n\n\n\n<p>Ra\u00fal, de 39 a\u00f1os de edad, hab\u00eda sido visto por \u00faltima vez el jueves en la localidad Ojo de Agua, perteneciente a San Nicol\u00e1s Tolentino.<\/p>\n\n\n\n<p>Ra\u00fal se encontraba en labores de b\u00fasqueda de su hermano Noel, quien desapareci\u00f3 un d\u00eda antes, el mi\u00e9rcoles.<\/p>\n\n\n\n<p>Tras la aparici\u00f3n de Ra\u00fal, contin\u00faa la b\u00fasqueda de Noel.<\/p>\n\n\n\n<p>Noel Escobar Mart\u00ednez de 46 a\u00f1os de edad, fue visto por \u00faltima vez el pasado mi\u00e9rcoles 04 de septiembre en la comunidad La Saladita perteneciente al municipio de San Nicol\u00e1s Tolentino, en la zona Media de la entidad. Noel es trabajador de la Comisi\u00f3n Federal de Electricidad.<\/p>\n\n\n\n<p>Personal especializado en b\u00fasqueda, amigos, familiares y sociedad civil contin\u00faan este domingo explorando la zona serrana de San Nicol\u00e1s Tolentino para intentar localizar a Noel.<\/p>\n\n\n\n<p>Participan empleados de la Comisi\u00f3n Federal de Electricidad, elementos del Ej\u00e9rcito, de la Guardia Civil Estatal, Bomberos, Protecci\u00f3n Civil. Tambi\u00e9n se observa el uso de varios drones.<\/p>\n\n\n\n<p>Este domingo se ampl\u00eda la b\u00fasqueda de Noel en cuevas de la sierra y en la presa \u201cLas Golondrinas\u201d.<\/p>\n","protected":false},"excerpt":{"rendered":"<p>Desaparecieron en San Nicol\u00e1s Tolentino con horas de diferencia  <\/p>\n","protected":false},"author":4,"featured_media":29754,"comment_status":"closed","ping_status":"closed","sticky":false,"template":"","format":"standard","meta":{"_et_pb_use_builder":"off","_et_pb_old_content":"","_et_gb_content_width":"","footnotes":""},"categories":[412,62],"tags":[],"class_list":["post-29752","post","type-post","status-publish","format-standard","has-post-thumbnail","hentry","category-destacado","category-redaccion"],"_links":{"self":[{"href":"https:\/\/gerardoduque.com.mx\/index.php?rest_route=\/wp\/v2\/posts\/29752","targetHints":{"allow":["GET"]}}],"collection":[{"href":"https:\/\/gerardoduque.com.mx\/index.php?rest_route=\/wp\/v2\/posts"}],"about":[{"href":"https:\/\/gerardoduque.com.mx\/index.php?rest_route=\/wp\/v2\/types\/post"}],"author":[{"embeddable":true,"href":"https:\/\/gerardoduque.com.mx\/index.php?rest_route=\/wp\/v2\/users\/4"}],"replies":[{"embeddable":true,"href":"https:\/\/gerardoduque.com.mx\/index.php?rest_route=%2Fwp%2Fv2%2Fcomments&post=29752"}],"version-history":[{"count":0,"href":"https:\/\/gerardoduque.com.mx\/index.php?rest_route=\/wp\/v2\/posts\/29752\/revisions"}],"wp:featuredmedia":[{"embeddable":true,"href":"https:\/\/gerardoduque.com.mx\/index.php?rest_route=\/wp\/v2\/media\/29754"}],"wp:attachment":[{"href":"https:\/\/gerardoduque.com.mx\/index.php?rest_route=%2Fwp%2Fv2%2Fmedia&parent=29752"}],"wp:term":[{"taxonomy":"category","embeddable":true,"href":"https:\/\/gerardoduque.com.mx\/index.php?rest_route=%2Fwp%2Fv2%2Fcategories&post=29752"},{"taxonomy":"post_tag","embeddable":true,"href":"https:\/\/gerardoduque.com.mx\/index.php?rest_route=%2Fwp%2Fv2%2Ftags&post=29752"}],"curies":[{"name":"wp","href":"https:\/\/api.w.org\/{rel}","templated":true}]}}