{"id":29748,"date":"2024-09-08T09:06:05","date_gmt":"2024-09-08T15:06:05","guid":{"rendered":"https:\/\/gerardoduque.com.mx\/?p=29748"},"modified":"2024-09-08T09:06:09","modified_gmt":"2024-09-08T15:06:09","slug":"desaparece-cuando-buscaba-a-su-hermano-desaparecido","status":"publish","type":"post","link":"https:\/\/gerardoduque.com.mx\/?p=29748","title":{"rendered":"DESAPARECE CUANDO BUSCABA A SU HERMANO DESAPARECIDO"},"content":{"rendered":"\n<p>La Fiscal\u00eda General del Estado emiti\u00f3 una Ficha de B\u00fasqueda para intentar localizar a Noel Escobar Mart\u00ednez de 46 a\u00f1os de edad, quien fue visto por \u00faltima vez el pasado mi\u00e9rcoles 04 de septiembre en la comunidad La Saladita perteneciente al municipio de San Nicol\u00e1s Tolentino, en la zona Media de la entidad. Noel es trabajador de la Comisi\u00f3n Federal de Electricidad.<\/p>\n\n\n\n<p>Ra\u00fal Escobar Morales se uni\u00f3 a las labores para buscar a su hermano Noel, pero horas despu\u00e9s tambi\u00e9n fue reportado como desaparecido. Ra\u00fal tiene 39 a\u00f1os de edad y fue visto por \u00faltima vez el jueves 05 de septiembre en la localidad Ojo de Agua, perteneciente a San Nicol\u00e1s Tolentino.<\/p>\n\n\n\n<p>Este fin de semana, entre la zona serrana contingentes de varias instituciones de gobierno contin\u00faan con la b\u00fasqueda de los hermanos Noel y Ra\u00fal; tambi\u00e9n se han sumado m\u00e1s amigos, familiares y grupos de ciudadanos.<\/p>\n\n\n\n<p>Participa activamente personal de la Comisi\u00f3n Estatal de B\u00fasqueda de Personas Desaparecidas, empleados de la Comisi\u00f3n Federal de Electricidad, de la Guardia Civil Estatal, SEDENA, Bomberos, Protecci\u00f3n Civil, as\u00ed como binomios caninos. Tambi\u00e9n se utiliza un helic\u00f3ptero y varios drones.<\/p>\n\n\n\n<p>Hasta ahora no ha trascendido alguna hip\u00f3tesis de qu\u00e9 pudo haber ocurrido con ambos. Tampoco se han encontrado indicios sobre su paradero.<\/p>\n\n\n\n<p><strong>ESTE DOMINGO CONTIN\u00daA LA B\u00daSQUEDA<\/strong><\/p>\n\n\n\n<p>Para hoy se tiene contemplado ampliar la b\u00fasqueda de los hermanos Noel y Ra\u00fal en cuevas de la sierra y en la presa \u201cLas Golondrinas\u201d, donde se usar\u00e1n lanchas y equipo especial para b\u00fasqueda acu\u00e1tica.<\/p>\n\n\n\n<p>Lo accidentado del terreno, las lluvias, e incluso la presencia de animales salvajes han dificultado las tareas en las horas recientes.<\/p>\n","protected":false},"excerpt":{"rendered":"<p>En San Nicol\u00e1s Tolentino <\/p>\n","protected":false},"author":4,"featured_media":29749,"comment_status":"closed","ping_status":"closed","sticky":false,"template":"","format":"standard","meta":{"_et_pb_use_builder":"off","_et_pb_old_content":"","_et_gb_content_width":"","footnotes":""},"categories":[412,62],"tags":[],"class_list":["post-29748","post","type-post","status-publish","format-standard","has-post-thumbnail","hentry","category-destacado","category-redaccion"],"_links":{"self":[{"href":"https:\/\/gerardoduque.com.mx\/index.php?rest_route=\/wp\/v2\/posts\/29748","targetHints":{"allow":["GET"]}}],"collection":[{"href":"https:\/\/gerardoduque.com.mx\/index.php?rest_route=\/wp\/v2\/posts"}],"about":[{"href":"https:\/\/gerardoduque.com.mx\/index.php?rest_route=\/wp\/v2\/types\/post"}],"author":[{"embeddable":true,"href":"https:\/\/gerardoduque.com.mx\/index.php?rest_route=\/wp\/v2\/users\/4"}],"replies":[{"embeddable":true,"href":"https:\/\/gerardoduque.com.mx\/index.php?rest_route=%2Fwp%2Fv2%2Fcomments&post=29748"}],"version-history":[{"count":0,"href":"https:\/\/gerardoduque.com.mx\/index.php?rest_route=\/wp\/v2\/posts\/29748\/revisions"}],"wp:featuredmedia":[{"embeddable":true,"href":"https:\/\/gerardoduque.com.mx\/index.php?rest_route=\/wp\/v2\/media\/29749"}],"wp:attachment":[{"href":"https:\/\/gerardoduque.com.mx\/index.php?rest_route=%2Fwp%2Fv2%2Fmedia&parent=29748"}],"wp:term":[{"taxonomy":"category","embeddable":true,"href":"https:\/\/gerardoduque.com.mx\/index.php?rest_route=%2Fwp%2Fv2%2Fcategories&post=29748"},{"taxonomy":"post_tag","embeddable":true,"href":"https:\/\/gerardoduque.com.mx\/index.php?rest_route=%2Fwp%2Fv2%2Ftags&post=29748"}],"curies":[{"name":"wp","href":"https:\/\/api.w.org\/{rel}","templated":true}]}}