{"id":29703,"date":"2024-09-07T09:36:19","date_gmt":"2024-09-07T15:36:19","guid":{"rendered":"https:\/\/gerardoduque.com.mx\/?p=29703"},"modified":"2024-09-07T09:37:10","modified_gmt":"2024-09-07T15:37:10","slug":"autobuzaso-deja-once-personas-lesionadas-dos-de-gravedad","status":"publish","type":"post","link":"https:\/\/gerardoduque.com.mx\/?p=29703","title":{"rendered":"AUTOBUZASO DEJA ONCE PERSONAS LESIONADAS, DOS DE GRAVEDAD"},"content":{"rendered":"\n<p>Durante la madrugada de este s\u00e1bado, un autob\u00fas de pasajeros de la l\u00ednea Frontera se impact\u00f3 por alcance contra la parte trasera de un tr\u00e1iler con plataforma.<\/p>\n\n\n\n<p>El accidente ocurri\u00f3 alrededor de las 03:10 horas, a la altura del kil\u00f3metro 104, sobre la carretera Federal M\u00e9xico 70, tramo Rioverde &#8211; Ray\u00f3n, cerca de la comunidad de Cerrito de la Cruz.<\/p>\n\n\n\n<p>En total se reportan once personas heridas, dos de ellas de gravedad.<\/p>\n\n\n\n<p>Tras el llamado de auxilio, primero socorristas de la Cruz Roja del municipio de C\u00e1rdenas arribaron al lugar. Cuatro heridos fueron trasladados a cl\u00ednicas y hospitales de Rioverde. Luego, los param\u00e9dicos regresaron al sitio del percance y efectuaron un segundo traslado.<\/p>\n\n\n\n<p>Las labores para rescatar a las personas lesionadas propici\u00f3 el cierre moment\u00e1neo del paso vehicular.<\/p>\n\n\n\n<p>Al lugar del accidente tambi\u00e9n acudi\u00f3 una ambulancia de la empresa Autov\u00eda y socorristas del municipio de Ray\u00f3n, adem\u00e1s de elementos de la Guardia Nacional divisi\u00f3n Caminos.<\/p>\n\n\n\n<p>Hasta el momento no se ha informado oficialmente cu\u00e1les son los nombres de las personas lesionadas; tampoco se conoce el paradero del conductor del autob\u00fas.<\/p>\n","protected":false},"excerpt":{"rendered":"<p>Ocurri\u00f3 sobre la carretera Valles &#8211; Rioverde <\/p>\n","protected":false},"author":4,"featured_media":29704,"comment_status":"closed","ping_status":"closed","sticky":false,"template":"","format":"standard","meta":{"_et_pb_use_builder":"off","_et_pb_old_content":"","_et_gb_content_width":"","footnotes":""},"categories":[412,62],"tags":[],"class_list":["post-29703","post","type-post","status-publish","format-standard","has-post-thumbnail","hentry","category-destacado","category-redaccion"],"_links":{"self":[{"href":"https:\/\/gerardoduque.com.mx\/index.php?rest_route=\/wp\/v2\/posts\/29703","targetHints":{"allow":["GET"]}}],"collection":[{"href":"https:\/\/gerardoduque.com.mx\/index.php?rest_route=\/wp\/v2\/posts"}],"about":[{"href":"https:\/\/gerardoduque.com.mx\/index.php?rest_route=\/wp\/v2\/types\/post"}],"author":[{"embeddable":true,"href":"https:\/\/gerardoduque.com.mx\/index.php?rest_route=\/wp\/v2\/users\/4"}],"replies":[{"embeddable":true,"href":"https:\/\/gerardoduque.com.mx\/index.php?rest_route=%2Fwp%2Fv2%2Fcomments&post=29703"}],"version-history":[{"count":0,"href":"https:\/\/gerardoduque.com.mx\/index.php?rest_route=\/wp\/v2\/posts\/29703\/revisions"}],"wp:featuredmedia":[{"embeddable":true,"href":"https:\/\/gerardoduque.com.mx\/index.php?rest_route=\/wp\/v2\/media\/29704"}],"wp:attachment":[{"href":"https:\/\/gerardoduque.com.mx\/index.php?rest_route=%2Fwp%2Fv2%2Fmedia&parent=29703"}],"wp:term":[{"taxonomy":"category","embeddable":true,"href":"https:\/\/gerardoduque.com.mx\/index.php?rest_route=%2Fwp%2Fv2%2Fcategories&post=29703"},{"taxonomy":"post_tag","embeddable":true,"href":"https:\/\/gerardoduque.com.mx\/index.php?rest_route=%2Fwp%2Fv2%2Ftags&post=29703"}],"curies":[{"name":"wp","href":"https:\/\/api.w.org\/{rel}","templated":true}]}}