{"id":29686,"date":"2024-09-06T20:31:10","date_gmt":"2024-09-07T02:31:10","guid":{"rendered":"https:\/\/gerardoduque.com.mx\/?p=29686"},"modified":"2024-09-06T20:31:15","modified_gmt":"2024-09-07T02:31:15","slug":"restringen-actividades-acuaticas-en-parajes-de-la-huasteca","status":"publish","type":"post","link":"https:\/\/gerardoduque.com.mx\/?p=29686","title":{"rendered":"RESTRINGEN ACTIVIDADES ACU\u00c1TICAS EN PARAJES DE LA HUASTECA"},"content":{"rendered":"\n<p>Para salvaguardar la integridad de los pobladores y de turistas que visitan la regi\u00f3n Huasteca, autoridades de Protecci\u00f3n Civil mantienen restringidas las actividades dentro de la mayor parte de los cuerpos de agua. Por precauci\u00f3n est\u00e1n suspendidos los paseos en lancha, el salto de cascadas y la nataci\u00f3n.<\/p>\n\n\n\n<p>Durante las horas recientes se ha incrementado el nivel de los r\u00edos; se observan remolinos y corrientes muy fuertes en afluentes de El Naranjo, Tamasopo, Ciudad Valles y Aquism\u00f3n.<\/p>\n\n\n\n<p>En algunos parajes acu\u00e1ticos se permite el ingreso solamente para la apreciaci\u00f3n visual, para la toma de fotograf\u00edas, y en algunos tambi\u00e9n se puede acampar.<\/p>\n\n\n\n<p>Debido a las lluvias, se pide a las personas extremar medidas de precauci\u00f3n ante el riesgo de bajadas de agua, de crecida de r\u00edos y arroyos, as\u00ed como de deslaves. Tambi\u00e9n se debe evitar cruzar a pie o en veh\u00edculo las \u00e1reas de riesgo.<\/p>\n\n\n\n<p>Durante las horas recientes se ha reportado la ca\u00edda de \u00e1rboles en torno a carreteras que atraviesan la zona Huasteca; por ello se exhorta a los automovilistas a que extremen precauciones, pues el piso est\u00e1 resbaladizo. Incluso, para evitar accidentes se ha restringido tambi\u00e9n el tr\u00e1nsito vehicular en algunos caminos, como en el acceso principal al municipio de Tancanhuitz<\/p>\n\n\n\n<p>Este viernes, la Coordinaci\u00f3n Estatal de Protecci\u00f3n Civil advierte sobre algunos de los efectos que traer\u00e1 a territorio potosino la llegada del frente fr\u00edo n\u00famero 1, que va a tener interacci\u00f3n con ingreso de humedad e inestabilidad atmosf\u00e9rica.<\/p>\n\n\n\n<p>De acuerdo al pron\u00f3stico del Servicio Meteorol\u00f3gico Nacional este fin de semana se esperan lluvias muy fuertes en San Luis Potos\u00ed, con registros de hasta 75 mil\u00edmetros.<\/p>\n\n\n\n<p>Se prev\u00e9n tormentas puntuales muy fuertes en la zona Altiplano y la zona Media. En tanto, en la parte sur de la regi\u00f3n Huasteca dichas condiciones ser\u00e1n a\u00fan m\u00e1s intensas en las sierras y partes altas. En la zona Centro del estado se presentar\u00e1n vientos con cielo medio nublado y lluvias.<\/p>\n","protected":false},"excerpt":{"rendered":"<p>Lluvias intensas continuar\u00e1n acompa\u00f1adas de tormentas<\/p>\n","protected":false},"author":4,"featured_media":29687,"comment_status":"closed","ping_status":"closed","sticky":false,"template":"","format":"standard","meta":{"_et_pb_use_builder":"off","_et_pb_old_content":"","_et_gb_content_width":"","footnotes":""},"categories":[412,62],"tags":[],"class_list":["post-29686","post","type-post","status-publish","format-standard","has-post-thumbnail","hentry","category-destacado","category-redaccion"],"_links":{"self":[{"href":"https:\/\/gerardoduque.com.mx\/index.php?rest_route=\/wp\/v2\/posts\/29686","targetHints":{"allow":["GET"]}}],"collection":[{"href":"https:\/\/gerardoduque.com.mx\/index.php?rest_route=\/wp\/v2\/posts"}],"about":[{"href":"https:\/\/gerardoduque.com.mx\/index.php?rest_route=\/wp\/v2\/types\/post"}],"author":[{"embeddable":true,"href":"https:\/\/gerardoduque.com.mx\/index.php?rest_route=\/wp\/v2\/users\/4"}],"replies":[{"embeddable":true,"href":"https:\/\/gerardoduque.com.mx\/index.php?rest_route=%2Fwp%2Fv2%2Fcomments&post=29686"}],"version-history":[{"count":0,"href":"https:\/\/gerardoduque.com.mx\/index.php?rest_route=\/wp\/v2\/posts\/29686\/revisions"}],"wp:featuredmedia":[{"embeddable":true,"href":"https:\/\/gerardoduque.com.mx\/index.php?rest_route=\/wp\/v2\/media\/29687"}],"wp:attachment":[{"href":"https:\/\/gerardoduque.com.mx\/index.php?rest_route=%2Fwp%2Fv2%2Fmedia&parent=29686"}],"wp:term":[{"taxonomy":"category","embeddable":true,"href":"https:\/\/gerardoduque.com.mx\/index.php?rest_route=%2Fwp%2Fv2%2Fcategories&post=29686"},{"taxonomy":"post_tag","embeddable":true,"href":"https:\/\/gerardoduque.com.mx\/index.php?rest_route=%2Fwp%2Fv2%2Ftags&post=29686"}],"curies":[{"name":"wp","href":"https:\/\/api.w.org\/{rel}","templated":true}]}}