{"id":29669,"date":"2024-09-06T06:44:43","date_gmt":"2024-09-06T12:44:43","guid":{"rendered":"https:\/\/gerardoduque.com.mx\/?p=29669"},"modified":"2024-09-06T06:44:46","modified_gmt":"2024-09-06T12:44:46","slug":"pronostican-lluvias-y-tormentas-para-slp-este-fin-de-semana","status":"publish","type":"post","link":"https:\/\/gerardoduque.com.mx\/?p=29669","title":{"rendered":"PRONOSTICAN LLUVIAS Y TORMENTAS PARA SLP ESTE FIN DE SEMANA"},"content":{"rendered":"\n<p>La Coordinaci\u00f3n Estatal de Protecci\u00f3n Civil informa que para este fin de semana se estiman lluvias y tormentas fuertes en la Entidad, derivado del ingreso de humedad en interacci\u00f3n con inestabilidad atmosf\u00e9rica y el frente fr\u00edo n\u00famero uno, de acuerdo con el Servicio Meteorol\u00f3gico Nacional de la Comisi\u00f3n Nacional del Agua.<\/p>\n\n\n\n<p>El director de la dependencia llam\u00f3 a la poblaci\u00f3n a mantener medidas de precauci\u00f3n y cuidado, ya que las lluvias podr\u00edan ocasionar bajadas de agua, saturaci\u00f3n de drenajes y, acumulaci\u00f3n de agua en zonas bajas principalmente en zona urbanas, as\u00ed como la ca\u00edda de \u00e1rboles y postes.<\/p>\n\n\n\n<p>La dependencia inform\u00f3 que mantiene el monitoreo de tres posibles sistemas en el Atl\u00e1ntico y en el Caribe por potencial de desarrollo para una tormenta este fin de semana con direcci\u00f3n a la Pen\u00ednsula de Yucat\u00e1n, Belice y Guatemala y su posible trayectoria rumbo al Golfo de M\u00e9xico.<\/p>\n","protected":false},"excerpt":{"rendered":"<p>Protecci\u00f3n Civil llam\u00f3 a la poblaci\u00f3n tener cuidado por posibles bajadas de agua en zonas bajas <\/p>\n","protected":false},"author":4,"featured_media":29670,"comment_status":"closed","ping_status":"closed","sticky":false,"template":"","format":"standard","meta":{"_et_pb_use_builder":"off","_et_pb_old_content":"","_et_gb_content_width":"","footnotes":""},"categories":[412,280],"tags":[190,72,66],"class_list":["post-29669","post","type-post","status-publish","format-standard","has-post-thumbnail","hentry","category-destacado","category-gob-slp","tag-cepc","tag-gobierno-del-estado","tag-san-luis-potosi"],"_links":{"self":[{"href":"https:\/\/gerardoduque.com.mx\/index.php?rest_route=\/wp\/v2\/posts\/29669","targetHints":{"allow":["GET"]}}],"collection":[{"href":"https:\/\/gerardoduque.com.mx\/index.php?rest_route=\/wp\/v2\/posts"}],"about":[{"href":"https:\/\/gerardoduque.com.mx\/index.php?rest_route=\/wp\/v2\/types\/post"}],"author":[{"embeddable":true,"href":"https:\/\/gerardoduque.com.mx\/index.php?rest_route=\/wp\/v2\/users\/4"}],"replies":[{"embeddable":true,"href":"https:\/\/gerardoduque.com.mx\/index.php?rest_route=%2Fwp%2Fv2%2Fcomments&post=29669"}],"version-history":[{"count":0,"href":"https:\/\/gerardoduque.com.mx\/index.php?rest_route=\/wp\/v2\/posts\/29669\/revisions"}],"wp:featuredmedia":[{"embeddable":true,"href":"https:\/\/gerardoduque.com.mx\/index.php?rest_route=\/wp\/v2\/media\/29670"}],"wp:attachment":[{"href":"https:\/\/gerardoduque.com.mx\/index.php?rest_route=%2Fwp%2Fv2%2Fmedia&parent=29669"}],"wp:term":[{"taxonomy":"category","embeddable":true,"href":"https:\/\/gerardoduque.com.mx\/index.php?rest_route=%2Fwp%2Fv2%2Fcategories&post=29669"},{"taxonomy":"post_tag","embeddable":true,"href":"https:\/\/gerardoduque.com.mx\/index.php?rest_route=%2Fwp%2Fv2%2Ftags&post=29669"}],"curies":[{"name":"wp","href":"https:\/\/api.w.org\/{rel}","templated":true}]}}