{"id":27562,"date":"2024-06-16T10:07:42","date_gmt":"2024-06-16T16:07:42","guid":{"rendered":"https:\/\/gerardoduque.com.mx\/?p=27562"},"modified":"2024-06-16T10:22:53","modified_gmt":"2024-06-16T16:22:53","slug":"primer-parque-de-observacion-astronomica-de-slp-se-ubicara-en-armadillo","status":"publish","type":"post","link":"https:\/\/gerardoduque.com.mx\/?p=27562","title":{"rendered":"PRIMER PARQUE DE OBSERVACI\u00d3N ASTRON\u00d3MICA DE SLP SE UBICAR\u00c1 EN ARMADILLO"},"content":{"rendered":"\n<p>San Luis Potos\u00ed se convertir\u00e1 en la primera Entidad de M\u00e9xico en contar con un parque Internacional de Observaci\u00f3n Astron\u00f3mica certificado por la Organizaci\u00f3n de las Naciones Unidas, que se ubicar\u00e1 en Armadillo de los Infante, lo que atraer\u00e1 a miles de turistas a este municipio de la regi\u00f3n Centro.<\/p>\n\n\n\n<p>Este proyecto brindar\u00e1 las mejores experiencias tur\u00edsticas-cient\u00edficas, por lo que se brinda todo el apoyo al investigador en Astrof\u00edsica Roberto Bartali Marchetti y de integrantes del \u201cAstronomy Team Rober Soul\u201d para que se consolide el parque Astron\u00f3mico.<\/p>\n\n\n\n<p>De acuerdo con la Sectur, uno de los mayores retos para conseguir el desarrollo del parque que se proyecta, es disminuir la contaminaci\u00f3n lum\u00ednica, pues el exceso de luz artificial oculta la oscuridad natural y \u201cafecta negativamente al medio ambiente, la observaci\u00f3n astron\u00f3mica y perturba los ritmos biol\u00f3gicos, humanos y animales\u201d.<\/p>\n\n\n\n<p>Se a\u00f1adi\u00f3 que para lograr la certificaci\u00f3n internacional con el aval de la ONU y la Organizaci\u00f3n de las Naciones Unidas para la Educaci\u00f3n, la Ciencia y la Cultura, se trabajar\u00e1 con el ayuntamiento de Armadillo, que cuenta con uno de los mejores cielos de M\u00e9xico para la observaci\u00f3n.<\/p>\n","protected":false},"excerpt":{"rendered":"<p>Sectur trabaja para obtener la certificaci\u00f3n de la ONU como Cielo Oscuro, con lo que se convertir\u00eda en la primera Entidad del pa\u00eds en contar con un parque Internacional de Observaci\u00f3n Astron\u00f3mica<\/p>\n","protected":false},"author":4,"featured_media":27564,"comment_status":"closed","ping_status":"closed","sticky":false,"template":"","format":"standard","meta":{"_et_pb_use_builder":"","_et_pb_old_content":"","_et_gb_content_width":"","footnotes":""},"categories":[412,280],"tags":[72,66,316],"class_list":["post-27562","post","type-post","status-publish","format-standard","has-post-thumbnail","hentry","category-destacado","category-gob-slp","tag-gobierno-del-estado","tag-san-luis-potosi","tag-sectur"],"_links":{"self":[{"href":"https:\/\/gerardoduque.com.mx\/index.php?rest_route=\/wp\/v2\/posts\/27562","targetHints":{"allow":["GET"]}}],"collection":[{"href":"https:\/\/gerardoduque.com.mx\/index.php?rest_route=\/wp\/v2\/posts"}],"about":[{"href":"https:\/\/gerardoduque.com.mx\/index.php?rest_route=\/wp\/v2\/types\/post"}],"author":[{"embeddable":true,"href":"https:\/\/gerardoduque.com.mx\/index.php?rest_route=\/wp\/v2\/users\/4"}],"replies":[{"embeddable":true,"href":"https:\/\/gerardoduque.com.mx\/index.php?rest_route=%2Fwp%2Fv2%2Fcomments&post=27562"}],"version-history":[{"count":0,"href":"https:\/\/gerardoduque.com.mx\/index.php?rest_route=\/wp\/v2\/posts\/27562\/revisions"}],"wp:featuredmedia":[{"embeddable":true,"href":"https:\/\/gerardoduque.com.mx\/index.php?rest_route=\/wp\/v2\/media\/27564"}],"wp:attachment":[{"href":"https:\/\/gerardoduque.com.mx\/index.php?rest_route=%2Fwp%2Fv2%2Fmedia&parent=27562"}],"wp:term":[{"taxonomy":"category","embeddable":true,"href":"https:\/\/gerardoduque.com.mx\/index.php?rest_route=%2Fwp%2Fv2%2Fcategories&post=27562"},{"taxonomy":"post_tag","embeddable":true,"href":"https:\/\/gerardoduque.com.mx\/index.php?rest_route=%2Fwp%2Fv2%2Ftags&post=27562"}],"curies":[{"name":"wp","href":"https:\/\/api.w.org\/{rel}","templated":true}]}}