{"id":27545,"date":"2024-06-15T11:16:27","date_gmt":"2024-06-15T17:16:27","guid":{"rendered":"https:\/\/gerardoduque.com.mx\/?p=27545"},"modified":"2024-06-15T11:16:30","modified_gmt":"2024-06-15T17:16:30","slug":"levantan-a-jefe-de-zona-de-la-guardia-civil-estatal","status":"publish","type":"post","link":"https:\/\/gerardoduque.com.mx\/?p=27545","title":{"rendered":"\u201cLEVANTAN\u201d A JEFE DE ZONA DE LA GUARDIA CIVIL ESTATAL"},"content":{"rendered":"\n<p>La noche del viernes, a trav\u00e9s de un parte interno de corporaciones de seguridad se alert\u00f3 sobre la privaci\u00f3n de la libertad de un comandante de la Guardia Civil Estatal en la Zona Media de la entidad.<\/p>\n\n\n\n<p>Luis Lira Rivera habr\u00eda sido \u201clevantado\u201d por varios sujetos que se desplazaban a bordo de un veh\u00edculo pick up y en una camioneta tipo SUV.<\/p>\n\n\n\n<p>El jefe policiaco conduc\u00eda un coche sed\u00e1n color negro cuando fue interceptado en una localidad perteneciente al municipio de Ray\u00f3n.<\/p>\n\n\n\n<p>Desde anoche y hasta la ma\u00f1ana de hoy s\u00e1bado no fluy\u00f3 informaci\u00f3n institucional respecto a esa privaci\u00f3n de la libertad. Sin embargo, hace unos minutos, a trav\u00e9s de sus redes sociales oficiales la Comisi\u00f3n Estatal de B\u00fasqueda de Personas public\u00f3 una Ficha para intentar localizar a Luis Lira Rivera, de 28 a\u00f1os de edad. En esta Ficha se reafirma que fue visto por \u00faltima vez ayer en el municipio de Ray\u00f3n.<\/p>\n\n\n\n<p><strong>ANTECEDENTES RECIENTES<\/strong><\/p>\n\n\n\n<p>-Apenas el mi\u00e9rcoles por la tarde, en la misma Zona Media, entre Rioverde y San Ciro de Acosta, tambi\u00e9n elementos de la Guardia Civil Estatal fueron blanco de un ataque armado. Cuatro oficiales resultaron heridos, y tras un operativo por tierra y aire se logr\u00f3 la detenci\u00f3n de seis presuntos criminales.<\/p>\n\n\n\n<p>-D\u00edas antes (el fin de semana pasado), tambi\u00e9n en el municipio de Rioverde cuatro cuerpos fueron abandonados en la caja de una camioneta, frente a la plaza principal.<\/p>\n","protected":false},"excerpt":{"rendered":"<p>Este s\u00e1bado la CEBP emiti\u00f3 una Ficha para su b\u00fasqueda  <\/p>\n","protected":false},"author":4,"featured_media":27551,"comment_status":"closed","ping_status":"closed","sticky":false,"template":"","format":"standard","meta":{"_et_pb_use_builder":"off","_et_pb_old_content":"","_et_gb_content_width":"","footnotes":""},"categories":[412,62],"tags":[],"class_list":["post-27545","post","type-post","status-publish","format-standard","has-post-thumbnail","hentry","category-destacado","category-redaccion"],"_links":{"self":[{"href":"https:\/\/gerardoduque.com.mx\/index.php?rest_route=\/wp\/v2\/posts\/27545","targetHints":{"allow":["GET"]}}],"collection":[{"href":"https:\/\/gerardoduque.com.mx\/index.php?rest_route=\/wp\/v2\/posts"}],"about":[{"href":"https:\/\/gerardoduque.com.mx\/index.php?rest_route=\/wp\/v2\/types\/post"}],"author":[{"embeddable":true,"href":"https:\/\/gerardoduque.com.mx\/index.php?rest_route=\/wp\/v2\/users\/4"}],"replies":[{"embeddable":true,"href":"https:\/\/gerardoduque.com.mx\/index.php?rest_route=%2Fwp%2Fv2%2Fcomments&post=27545"}],"version-history":[{"count":0,"href":"https:\/\/gerardoduque.com.mx\/index.php?rest_route=\/wp\/v2\/posts\/27545\/revisions"}],"wp:featuredmedia":[{"embeddable":true,"href":"https:\/\/gerardoduque.com.mx\/index.php?rest_route=\/wp\/v2\/media\/27551"}],"wp:attachment":[{"href":"https:\/\/gerardoduque.com.mx\/index.php?rest_route=%2Fwp%2Fv2%2Fmedia&parent=27545"}],"wp:term":[{"taxonomy":"category","embeddable":true,"href":"https:\/\/gerardoduque.com.mx\/index.php?rest_route=%2Fwp%2Fv2%2Fcategories&post=27545"},{"taxonomy":"post_tag","embeddable":true,"href":"https:\/\/gerardoduque.com.mx\/index.php?rest_route=%2Fwp%2Fv2%2Ftags&post=27545"}],"curies":[{"name":"wp","href":"https:\/\/api.w.org\/{rel}","templated":true}]}}