{"id":27523,"date":"2024-06-15T09:54:15","date_gmt":"2024-06-15T15:54:15","guid":{"rendered":"https:\/\/gerardoduque.com.mx\/?p=27523"},"modified":"2024-06-15T09:54:18","modified_gmt":"2024-06-15T15:54:18","slug":"slp-participara-en-festival-turistico-de-la-ciudad-de-mexico","status":"publish","type":"post","link":"https:\/\/gerardoduque.com.mx\/?p=27523","title":{"rendered":"SLP PARTICIPAR\u00c1 EN FESTIVAL TUR\u00cdSTICO DE LA CIUDAD DE M\u00c9XICO"},"content":{"rendered":"\n<p>San Luis Potos\u00ed proyectar\u00e1 y promocionar\u00e1 sus atractivos a nivel mundial, en el Festival Tur\u00edstico de la Ciudad de M\u00e9xico, del 11 al 14 de julio, sobre la avenida Paseo de la Reforma, ante un mercado de 39 millones de turistas potenciales.<\/p>\n\n\n\n<p>De acuerdo con la Secretar\u00eda de Turismo, se instalar\u00e1 un m\u00f3dulo interactivo en el Paseo de la Reforma cerca del emblem\u00e1tico \u00c1ngel de la Independencia donde se mostrar\u00e1n los atractivos tur\u00edsticos, tradiciones culturales, artesan\u00edas y con la representaci\u00f3n de operadores tur\u00edsticos.<\/p>\n\n\n\n<p>La participaci\u00f3n en este festival forma parte del programa de difusi\u00f3n que la dependencia ha puesto en marcha para la promoci\u00f3n de la temporada de Verano \u00abUn viaje de verdad\u00bb que tiene como misi\u00f3n la reactivaci\u00f3n econ\u00f3mica para la atracci\u00f3n de turistas nacionales y extranjeros, adem\u00e1s del fomento al turismo local.<\/p>\n\n\n\n<p>Adem\u00e1s, se tendr\u00e1n espectaculares sobre la red carretera de la zona centro-baj\u00edo, que incluye los estados de Aguascalientes, Guanajuato, Zacatecas y Quer\u00e9taro, as\u00ed como spots en radio, promocionales en redes sociales y videos especializados en terminales terrestres y a\u00e9reas del pa\u00eds.<\/p>\n","protected":false},"excerpt":{"rendered":"<p>Se instalar\u00e1 un m\u00f3dulo interactivo en el Paseo de la Reforma cerca del emblem\u00e1tico \u00c1ngel de la Independencia <\/p>\n","protected":false},"author":4,"featured_media":27524,"comment_status":"closed","ping_status":"closed","sticky":false,"template":"","format":"standard","meta":{"_et_pb_use_builder":"off","_et_pb_old_content":"","_et_gb_content_width":"","footnotes":""},"categories":[412,280],"tags":[72,66,316],"class_list":["post-27523","post","type-post","status-publish","format-standard","has-post-thumbnail","hentry","category-destacado","category-gob-slp","tag-gobierno-del-estado","tag-san-luis-potosi","tag-sectur"],"_links":{"self":[{"href":"https:\/\/gerardoduque.com.mx\/index.php?rest_route=\/wp\/v2\/posts\/27523","targetHints":{"allow":["GET"]}}],"collection":[{"href":"https:\/\/gerardoduque.com.mx\/index.php?rest_route=\/wp\/v2\/posts"}],"about":[{"href":"https:\/\/gerardoduque.com.mx\/index.php?rest_route=\/wp\/v2\/types\/post"}],"author":[{"embeddable":true,"href":"https:\/\/gerardoduque.com.mx\/index.php?rest_route=\/wp\/v2\/users\/4"}],"replies":[{"embeddable":true,"href":"https:\/\/gerardoduque.com.mx\/index.php?rest_route=%2Fwp%2Fv2%2Fcomments&post=27523"}],"version-history":[{"count":0,"href":"https:\/\/gerardoduque.com.mx\/index.php?rest_route=\/wp\/v2\/posts\/27523\/revisions"}],"wp:featuredmedia":[{"embeddable":true,"href":"https:\/\/gerardoduque.com.mx\/index.php?rest_route=\/wp\/v2\/media\/27524"}],"wp:attachment":[{"href":"https:\/\/gerardoduque.com.mx\/index.php?rest_route=%2Fwp%2Fv2%2Fmedia&parent=27523"}],"wp:term":[{"taxonomy":"category","embeddable":true,"href":"https:\/\/gerardoduque.com.mx\/index.php?rest_route=%2Fwp%2Fv2%2Fcategories&post=27523"},{"taxonomy":"post_tag","embeddable":true,"href":"https:\/\/gerardoduque.com.mx\/index.php?rest_route=%2Fwp%2Fv2%2Ftags&post=27523"}],"curies":[{"name":"wp","href":"https:\/\/api.w.org\/{rel}","templated":true}]}}