{"id":27520,"date":"2024-06-14T16:31:47","date_gmt":"2024-06-14T22:31:47","guid":{"rendered":"https:\/\/gerardoduque.com.mx\/?p=27520"},"modified":"2024-06-14T16:31:50","modified_gmt":"2024-06-14T22:31:50","slug":"tragedia-en-el-rich-fue-por-negligencias-de-autoridades-municipales-advierte-regidor","status":"publish","type":"post","link":"https:\/\/gerardoduque.com.mx\/?p=27520","title":{"rendered":"TRAGEDIA EN EL \u00b4RICH\u00b4 FUE POR NEGLIGENCIAS DE AUTORIDADES MUNICIPALES; ADVIERTE REGIDOR"},"content":{"rendered":"\n<p>Mientras la autoridad municipal siga siendo omisa y negligente est\u00e1 latente el riesgo de que ocurran m\u00e1s tragedias como las del centro nocturno \u201cRICH\u201d, donde fue notoria la indolencia de las direcciones de Comercio y de Seguridad P\u00fablica municipal, pues no procedieron con operativos estrictos y permanentes<\/p>\n\n\n\n<p>As\u00ed lo consider\u00f3 el regidor y presidente <a><\/a>de la Comisi\u00f3n de Comercio del Cabildo, Gustavo Mercado Garay, en la reuni\u00f3n de Comisi\u00f3n en la que participaron tambi\u00e9n autoridades municipales, como la de Comercio, a la que se solicit\u00f3 un informe detallado de los hechos.<\/p>\n\n\n\n<p>En la reuni\u00f3n, a la que tambi\u00e9n acudi\u00f3 el secretario de Seguridad Municipal, Juan Antonio Villa Guti\u00e9rrez, el regidor afirm\u00f3 que s\u00ed hubo omisiones desde las \u00e1reas correspondientes del Ayuntamiento en el caso \u201cRich\u201d.<\/p>\n\n\n\n<p>A\u00f1adi\u00f3 que no hay se\u00f1alamientos particulares sino el reconocimiento de que hubo deficiencia y negligencia municipal, al dejar operar m\u00e1s de un a\u00f1o a un establecimiento con esas caracter\u00edsticas, con incumplimientos en el \u00e1rea de Comercio y con deficiencias en el tema de seguridad.<\/p>\n\n\n\n<p>Afirm\u00f3 que es necesario fortalecer el cuerpo de inspectores en la ciudad, que actualmente s\u00f3lo se integra de 63 elementos para supervisar m\u00e1s de 600 establecimientos nocturnos: \u201cen el presupuesto municipal hay millones de pesos destinados a festivales pero no hay patrullas y s\u00f3lo hay 63 inspectores de comercio\u201d, dijo el regidor Gustavo Mercado Garay.<\/p>\n\n\n\n<p>Lo anterior, sin contar con que en la ciudad operan establecimientos en lugares sin seguridad suficientes o que operan en inmuebles antiguos \u201cdeben tomarse cartas de forma inmediata y se deben intensificar los operativos de inspecci\u00f3n de licencias y permisos. Vamos a estar tres a\u00f1os m\u00e1s en el Ayuntamiento y ser\u00eda grave que vuelva a ocurrir una situaci\u00f3n as\u00ed, y se pierdan m\u00e1s vidas\u201d.<\/p>\n","protected":false},"excerpt":{"rendered":"<p>Si contin\u00faan las deficiencias podr\u00edan ocurrir m\u00e1s tragedias <\/p>\n","protected":false},"author":4,"featured_media":27521,"comment_status":"closed","ping_status":"closed","sticky":false,"template":"","format":"standard","meta":{"_et_pb_use_builder":"off","_et_pb_old_content":"","_et_gb_content_width":"","footnotes":""},"categories":[412,62],"tags":[],"class_list":["post-27520","post","type-post","status-publish","format-standard","has-post-thumbnail","hentry","category-destacado","category-redaccion"],"_links":{"self":[{"href":"https:\/\/gerardoduque.com.mx\/index.php?rest_route=\/wp\/v2\/posts\/27520","targetHints":{"allow":["GET"]}}],"collection":[{"href":"https:\/\/gerardoduque.com.mx\/index.php?rest_route=\/wp\/v2\/posts"}],"about":[{"href":"https:\/\/gerardoduque.com.mx\/index.php?rest_route=\/wp\/v2\/types\/post"}],"author":[{"embeddable":true,"href":"https:\/\/gerardoduque.com.mx\/index.php?rest_route=\/wp\/v2\/users\/4"}],"replies":[{"embeddable":true,"href":"https:\/\/gerardoduque.com.mx\/index.php?rest_route=%2Fwp%2Fv2%2Fcomments&post=27520"}],"version-history":[{"count":0,"href":"https:\/\/gerardoduque.com.mx\/index.php?rest_route=\/wp\/v2\/posts\/27520\/revisions"}],"wp:featuredmedia":[{"embeddable":true,"href":"https:\/\/gerardoduque.com.mx\/index.php?rest_route=\/wp\/v2\/media\/27521"}],"wp:attachment":[{"href":"https:\/\/gerardoduque.com.mx\/index.php?rest_route=%2Fwp%2Fv2%2Fmedia&parent=27520"}],"wp:term":[{"taxonomy":"category","embeddable":true,"href":"https:\/\/gerardoduque.com.mx\/index.php?rest_route=%2Fwp%2Fv2%2Fcategories&post=27520"},{"taxonomy":"post_tag","embeddable":true,"href":"https:\/\/gerardoduque.com.mx\/index.php?rest_route=%2Fwp%2Fv2%2Ftags&post=27520"}],"curies":[{"name":"wp","href":"https:\/\/api.w.org\/{rel}","templated":true}]}}