{"id":27505,"date":"2024-06-14T09:30:47","date_gmt":"2024-06-14T15:30:47","guid":{"rendered":"https:\/\/gerardoduque.com.mx\/?p=27505"},"modified":"2024-06-14T09:30:50","modified_gmt":"2024-06-14T15:30:50","slug":"seis-detenidos-tras-operativo-en-san-ciro-de-acosta","status":"publish","type":"post","link":"https:\/\/gerardoduque.com.mx\/?p=27505","title":{"rendered":"SEIS DETENIDOS TRAS OPERATIVO EN SAN CIRO DE ACOSTA"},"content":{"rendered":"\n<p>La Guardia Civil Estatal detuvo a seis integrantes de un grupo criminal luego de un operativo terrestre y a\u00e9reo en el municipio de San Ciro de Acosta. Como parte de estas acciones fueron rescatados dos civiles que contaban con ficha de b\u00fasqueda del pasado 12 de junio de 2024 y que hab\u00edan sido privados de su libertad en C\u00e1rdenas.<\/p>\n\n\n\n<p>Estas labores permitieron el seguimiento de los presuntos, quienes agredieron a las fuerzas del orden y donde resultaron lesionados cuatro elementos estatales que actualmente se encuentran estables.<\/p>\n\n\n\n<p>Seis personas fueron detenidas tras la incursi\u00f3n policial, cinco de ellos originarios de Jalisco y uno m\u00e1s de Veracruz, quienes fueron puestos a disposici\u00f3n de la Fiscal\u00eda General de la Rep\u00fablica, adem\u00e1s de asegurarse un arsenal, equipo t\u00e1ctico, veh\u00edculos, uno de ellos con blindaje.<\/p>\n","protected":false},"excerpt":{"rendered":"<p>Cinco de los detenidos eran originarios de Jalisco y uno m\u00e1s de Veracruz.<\/p>\n","protected":false},"author":4,"featured_media":27506,"comment_status":"closed","ping_status":"closed","sticky":false,"template":"","format":"standard","meta":{"_et_pb_use_builder":"off","_et_pb_old_content":"","_et_gb_content_width":"","footnotes":""},"categories":[412,280],"tags":[72,66,213,404],"class_list":["post-27505","post","type-post","status-publish","format-standard","has-post-thumbnail","hentry","category-destacado","category-gob-slp","tag-gobierno-del-estado","tag-san-luis-potosi","tag-seguridad","tag-sscp"],"_links":{"self":[{"href":"https:\/\/gerardoduque.com.mx\/index.php?rest_route=\/wp\/v2\/posts\/27505","targetHints":{"allow":["GET"]}}],"collection":[{"href":"https:\/\/gerardoduque.com.mx\/index.php?rest_route=\/wp\/v2\/posts"}],"about":[{"href":"https:\/\/gerardoduque.com.mx\/index.php?rest_route=\/wp\/v2\/types\/post"}],"author":[{"embeddable":true,"href":"https:\/\/gerardoduque.com.mx\/index.php?rest_route=\/wp\/v2\/users\/4"}],"replies":[{"embeddable":true,"href":"https:\/\/gerardoduque.com.mx\/index.php?rest_route=%2Fwp%2Fv2%2Fcomments&post=27505"}],"version-history":[{"count":0,"href":"https:\/\/gerardoduque.com.mx\/index.php?rest_route=\/wp\/v2\/posts\/27505\/revisions"}],"wp:featuredmedia":[{"embeddable":true,"href":"https:\/\/gerardoduque.com.mx\/index.php?rest_route=\/wp\/v2\/media\/27506"}],"wp:attachment":[{"href":"https:\/\/gerardoduque.com.mx\/index.php?rest_route=%2Fwp%2Fv2%2Fmedia&parent=27505"}],"wp:term":[{"taxonomy":"category","embeddable":true,"href":"https:\/\/gerardoduque.com.mx\/index.php?rest_route=%2Fwp%2Fv2%2Fcategories&post=27505"},{"taxonomy":"post_tag","embeddable":true,"href":"https:\/\/gerardoduque.com.mx\/index.php?rest_route=%2Fwp%2Fv2%2Ftags&post=27505"}],"curies":[{"name":"wp","href":"https:\/\/api.w.org\/{rel}","templated":true}]}}