{"id":27495,"date":"2024-06-14T09:00:43","date_gmt":"2024-06-14T15:00:43","guid":{"rendered":"https:\/\/gerardoduque.com.mx\/?p=27495"},"modified":"2024-06-14T09:00:45","modified_gmt":"2024-06-14T15:00:45","slug":"alumno-del-cobach-de-slp-participara-en-olimpiada-de-matematicas-en-inglaterra","status":"publish","type":"post","link":"https:\/\/gerardoduque.com.mx\/?p=27495","title":{"rendered":"ALUMNO DEL COBACH DE SLP PARTICIPAR\u00c1 EN OLIMPIADA DE MATEM\u00c1TICAS EN INGLATERRA"},"content":{"rendered":"\n<p>El alumno del Colegio de Bachilleres de San Luis Potos\u00ed Plantel 28, turno matutino, Jos\u00e9 Andr\u00e9s Zamora Moncada, ser\u00e1 el digno representante de San Luis Potos\u00ed y de M\u00e9xico, en la 65\u00aa Olimpiada Internacional de Matem\u00e1ticas 2024, en Inglaterra.<\/p>\n\n\n\n<p>El estudiante viajar\u00e1 a Beijing, China, del 12 de junio al 4 de julio de 2024, en donde se preparar\u00e1 intensivamente antes de enfrentarse a los desaf\u00edos de la IMO que se realizar\u00e1 del 11 al 22 de julio de 2024 en Bath, Inglaterra.<\/p>\n\n\n\n<p>Tras dos a\u00f1os de haber incursionado en el mundo de las Olimpiadas de Matem\u00e1ticas, Andr\u00e9s ha acumulado impresionantes \u00e9xitos, obteniendo los primeros lugares en concursos de matem\u00e1ticas regionales, estatales y nacionales destac\u00e1ndose por su excepcional habilidad num\u00e9rica, y ahora se encuentra entre los selectos representantes de M\u00e9xico que competir\u00e1n en la IMO 2024.<\/p>\n\n\n\n<p>Con su participaci\u00f3n, Andr\u00e9s Zamora no solo es un orgullo para su instituci\u00f3n y su estado, sino que tambi\u00e9n hace historia al convertirse en el tercer alumno en representar a San Luis Potos\u00ed en la IMO en toda su historia.<\/p>\n","protected":false},"excerpt":{"rendered":"<p>Jos\u00e9 Andr\u00e9s Zamora Moncada, ser\u00e1 el digno representante de San Luis Potos\u00ed y de M\u00e9xico, en la 65\u00aa Olimpiada Internacional de Matem\u00e1ticas 2024, en Inglaterra.<\/p>\n","protected":false},"author":4,"featured_media":27496,"comment_status":"closed","ping_status":"closed","sticky":false,"template":"","format":"standard","meta":{"_et_pb_use_builder":"off","_et_pb_old_content":"","_et_gb_content_width":"","footnotes":""},"categories":[412,280],"tags":[72,66,196],"class_list":["post-27495","post","type-post","status-publish","format-standard","has-post-thumbnail","hentry","category-destacado","category-gob-slp","tag-gobierno-del-estado","tag-san-luis-potosi","tag-sege"],"_links":{"self":[{"href":"https:\/\/gerardoduque.com.mx\/index.php?rest_route=\/wp\/v2\/posts\/27495","targetHints":{"allow":["GET"]}}],"collection":[{"href":"https:\/\/gerardoduque.com.mx\/index.php?rest_route=\/wp\/v2\/posts"}],"about":[{"href":"https:\/\/gerardoduque.com.mx\/index.php?rest_route=\/wp\/v2\/types\/post"}],"author":[{"embeddable":true,"href":"https:\/\/gerardoduque.com.mx\/index.php?rest_route=\/wp\/v2\/users\/4"}],"replies":[{"embeddable":true,"href":"https:\/\/gerardoduque.com.mx\/index.php?rest_route=%2Fwp%2Fv2%2Fcomments&post=27495"}],"version-history":[{"count":0,"href":"https:\/\/gerardoduque.com.mx\/index.php?rest_route=\/wp\/v2\/posts\/27495\/revisions"}],"wp:featuredmedia":[{"embeddable":true,"href":"https:\/\/gerardoduque.com.mx\/index.php?rest_route=\/wp\/v2\/media\/27496"}],"wp:attachment":[{"href":"https:\/\/gerardoduque.com.mx\/index.php?rest_route=%2Fwp%2Fv2%2Fmedia&parent=27495"}],"wp:term":[{"taxonomy":"category","embeddable":true,"href":"https:\/\/gerardoduque.com.mx\/index.php?rest_route=%2Fwp%2Fv2%2Fcategories&post=27495"},{"taxonomy":"post_tag","embeddable":true,"href":"https:\/\/gerardoduque.com.mx\/index.php?rest_route=%2Fwp%2Fv2%2Ftags&post=27495"}],"curies":[{"name":"wp","href":"https:\/\/api.w.org\/{rel}","templated":true}]}}