{"id":27466,"date":"2024-06-13T09:22:31","date_gmt":"2024-06-13T15:22:31","guid":{"rendered":"https:\/\/gerardoduque.com.mx\/?p=27466"},"modified":"2024-06-13T09:22:34","modified_gmt":"2024-06-13T15:22:34","slug":"ataque-armado-contra-agentes-estatales-en-la-zona-media","status":"publish","type":"post","link":"https:\/\/gerardoduque.com.mx\/?p=27466","title":{"rendered":"ATAQUE ARMADO CONTRA AGENTES ESTATALES EN LA ZONA MEDIA"},"content":{"rendered":"\n<p>La tarde del mi\u00e9rcoles se registr\u00f3 un enfrentamiento entre presuntos miembros de la delincuencia organizada y elementos de la Secretar\u00eda de Seguridad y Protecci\u00f3n Ciudadana del Estado.<\/p>\n\n\n\n<p>Los hechos ocurrieron a inmediaciones de la carretera federal 69, tramo Rioverde &#8211; San Ciro de Acosta.<\/p>\n\n\n\n<p>A trav\u00e9s de un bolet\u00edn enviado a medios la SSPC precis\u00f3 que derivado de este episodio cuatro agentes estatales de seguridad resultaron heridos, y en el \u201coperativo terrestre y a\u00e9reo se detienen a seis integrantes de una c\u00e9lula delincuencial, se les confisca armamento y equipo t\u00e1ctico\u201d. Tambi\u00e9n fueron asegurados tres veh\u00edculos.<\/p>\n\n\n\n<p>Un fuerte operativo terrestre y a\u00e9reo se prolong\u00f3 hasta horas de la noche en la zona, pero ya las autoridades no reportaron la captura de m\u00e1s presuntos criminales.<\/p>\n\n\n\n<p>Bajo reserva de anonimato, obtuvimos testimonio de automovilistas que circulaban en el sector donde ocurri\u00f3 el enfrentamiento.<\/p>\n\n\n\n<p>Narraron que civiles armados despojaron a varios conductores de sus unidades, para despu\u00e9s atravesarlas en el camino y con ello intentar bloquear la llegada de los refuerzos de seguridad.<\/p>\n\n\n\n<p>Sin embargo, la Secretaria de Seguridad estatal moviliz\u00f3 dos helic\u00f3pteros para tambi\u00e9n acceder por aire a dicho sector. Al menos dos de los cuatro agentes heridos fueron trasladados al Hospital General de Rioverde a bordo de una aeronave que aterriz\u00f3 en la v\u00eda p\u00fablica, a unos metros del nosocomio, generando expectaci\u00f3n y asombro entre los pobladores.<\/p>\n\n\n\n<p>Fueron decenas de unidades de seguridad estatales, municipales y de la SEDENA, las que se movilizaron en la zona tras generarse el reporte de la agresi\u00f3n armada en contra de los elementos de la GCE.<\/p>\n","protected":false},"excerpt":{"rendered":"<p>Cuatro oficiales heridos y seis presuntos criminales detenidos, inform\u00f3 la SSPCE<\/p>\n","protected":false},"author":4,"featured_media":27467,"comment_status":"closed","ping_status":"closed","sticky":false,"template":"","format":"standard","meta":{"_et_pb_use_builder":"off","_et_pb_old_content":"","_et_gb_content_width":"","footnotes":""},"categories":[412,62],"tags":[66,213],"class_list":["post-27466","post","type-post","status-publish","format-standard","has-post-thumbnail","hentry","category-destacado","category-redaccion","tag-san-luis-potosi","tag-seguridad"],"_links":{"self":[{"href":"https:\/\/gerardoduque.com.mx\/index.php?rest_route=\/wp\/v2\/posts\/27466","targetHints":{"allow":["GET"]}}],"collection":[{"href":"https:\/\/gerardoduque.com.mx\/index.php?rest_route=\/wp\/v2\/posts"}],"about":[{"href":"https:\/\/gerardoduque.com.mx\/index.php?rest_route=\/wp\/v2\/types\/post"}],"author":[{"embeddable":true,"href":"https:\/\/gerardoduque.com.mx\/index.php?rest_route=\/wp\/v2\/users\/4"}],"replies":[{"embeddable":true,"href":"https:\/\/gerardoduque.com.mx\/index.php?rest_route=%2Fwp%2Fv2%2Fcomments&post=27466"}],"version-history":[{"count":0,"href":"https:\/\/gerardoduque.com.mx\/index.php?rest_route=\/wp\/v2\/posts\/27466\/revisions"}],"wp:featuredmedia":[{"embeddable":true,"href":"https:\/\/gerardoduque.com.mx\/index.php?rest_route=\/wp\/v2\/media\/27467"}],"wp:attachment":[{"href":"https:\/\/gerardoduque.com.mx\/index.php?rest_route=%2Fwp%2Fv2%2Fmedia&parent=27466"}],"wp:term":[{"taxonomy":"category","embeddable":true,"href":"https:\/\/gerardoduque.com.mx\/index.php?rest_route=%2Fwp%2Fv2%2Fcategories&post=27466"},{"taxonomy":"post_tag","embeddable":true,"href":"https:\/\/gerardoduque.com.mx\/index.php?rest_route=%2Fwp%2Fv2%2Ftags&post=27466"}],"curies":[{"name":"wp","href":"https:\/\/api.w.org\/{rel}","templated":true}]}}