{"id":27445,"date":"2024-06-12T10:17:34","date_gmt":"2024-06-12T16:17:34","guid":{"rendered":"https:\/\/gerardoduque.com.mx\/?p=27445"},"modified":"2024-06-12T10:17:36","modified_gmt":"2024-06-12T16:17:36","slug":"la-corrupcion-realmente-mata-lamenta-papa-de-joven-fallecido-en-el-rich","status":"publish","type":"post","link":"https:\/\/gerardoduque.com.mx\/?p=27445","title":{"rendered":"LA CORRUPCI\u00d3N REALMENTE MATA: LAMENTA PAP\u00c1 DE JOVEN FALLECIDO EN EL \u201cRICH\u201d"},"content":{"rendered":"\n<p>\u201cYo llegu\u00e9 corriendo y sub\u00ed por estas escaleras y estaba mi hijo en un charco de sangre, por un acto de corrupci\u00f3n\u2026 para que vean que realmente la corrupci\u00f3n mata\u2026\u201d, expres\u00f3 el arquitecto Rodrigo Espinosa, pap\u00e1 de uno de los dos jovencitos que fallecieron la noche del viernes tras caer del tercer piso donde se ubica el centro nocturno \u201cRich\u201d, en de la Plaza \u201cAlttus\u201d, al poniente de la capital potosina.<\/p>\n\n\n\n<p>\u201cTodos sus amigos y la familia le dec\u00edan Roy, \u00e9l no tomaba, \u00e9l no fumada, solamente quer\u00eda ejercer su derecho a divertirse\u2026 estudiante de prepa, iba a pasar al tercer a\u00f1o, ten\u00eda el permiso porque no hab\u00eda reprobado ninguna materia en su semestre\u2026\u201d<\/p>\n\n\n\n<p>La noche de este martes decenas de personas de la comunidad potosina acompa\u00f1aron a los familiares de las v\u00edctimas a hacer presencia pac\u00edfica frente a la plaza comercial, ahora clausurada.<\/p>\n\n\n\n<p>Colocaron velas e hicieron oraci\u00f3n por el descanso de Roy y de Manuel Alejandro, la otra v\u00edctima mortal de veinti\u00fan a\u00f1os de edad quien estaba a dos semanas de graduarse de la universidad<\/p>\n\n\n\n<p>La concentraci\u00f3n tambi\u00e9n fue para exigir pac\u00edficamente justicia, y que quienes tengan responsabilidad en la tragedia sean procesados de acuerdo a la ley.<\/p>\n\n\n\n<p>Sin embargo, Rodrigo Espinosa advirti\u00f3 que, a cuatro d\u00edas de ocurridos los hechos, la Fiscal\u00eda General del Estado no le ha informado sobre el avance de las investigaciones: \u201cSi me encantar\u00eda que alguien me dijera, las cosas van as\u00ed, ya tenemos las actas constitutivas cuando pidieron permisos, ellos son los due\u00f1os, se va a proceder as\u00ed\u2026 no s\u00e9, pasos a seguir para estar un poco m\u00e1s tranquilos nosotros\u2026\u201d<\/p>\n\n\n\n<p>Adem\u00e1s de haber fallecido Rodrigo y Manuel Alejandro, otros ocho j\u00f3venes (hombres y mujeres) resultaron heridos, dos de ellos se encuentran hospitalizados en condici\u00f3n grave. De las diez v\u00edctimas de la ca\u00edda, la mitad eran menores de edad y el resto apenas superaban los dieciocho a\u00f1os.<\/p>\n\n\n\n<p>\u201cNuestros gobernantes no nos tienen que fallar en esta, nos han fallado en varias pero en \u00e9sta ya no nos pueden fallar, yo creo que no tienen de otra, se tiene que hacer justicia, yo creo que \u00e9ste es un parteaguas para que no vuelva a pasar en San Luis\u2026\u201d, sentenci\u00f3 el se\u00f1or Rodrigo Espinosa.<\/p>\n\n\n\n<p>Una hora antes de la concentraci\u00f3n en la plaza \u201cAlttus\u201d, amigos y familiares de los heridos y fallecidos en el \u201cRich\u201d asistieron a una misa oficiada en la Parroquia \u201cMar\u00eda Madre de Gracia\u201d ubicada en el sector de Las Lomas para hacer oraci\u00f3n por el descanso de las v\u00edctimas que perdieron la vida y por la sanaci\u00f3n espiritual de sus seres queridos.<\/p>\n\n\n\n<p>Tambi\u00e9n se pidi\u00f3 por la salud de quienes resultaron lastimados f\u00edsica y emocionalmente durante el episodio traum\u00e1tico del viernes por la noche.<\/p>\n\n\n\n<p>Por su parte, el se\u00f1or Ram\u00f3n Infante (padre de Manuel Alejandro), fue enf\u00e1tico al se\u00f1alar que \u201clas responsabilidades que hay, son compartidas entre el gobierno del estado y entre el gobierno municipal\u2026 del estado a trav\u00e9s de Protecci\u00f3n Civil que se supone que hab\u00eda revisado, y Gobernaci\u00f3n que otorga el permiso\u2026 y el municipio como tal, tambi\u00e9n por no cumplir con los protocolos pertinentes, y el \u00e1rea de Comercio que tampoco cumpli\u00f3\u201d.<\/p>\n\n\n\n<figure class=\"wp-block-gallery has-nested-images columns-default is-cropped wp-block-gallery-1 is-layout-flex wp-block-gallery-is-layout-flex\">\n<figure class=\"wp-block-image size-large\"><img decoding=\"async\" width=\"1024\" height=\"599\" data-id=\"27450\" src=\"https:\/\/gerardoduque.com.mx\/wp-content\/uploads\/2024\/06\/WhatsApp-Image-2024-06-12-at-1.06.49-AM-2-1024x599.jpeg\" alt=\"\" class=\"wp-image-27450\" srcset=\"https:\/\/gerardoduque.com.mx\/wp-content\/uploads\/2024\/06\/WhatsApp-Image-2024-06-12-at-1.06.49-AM-2-1024x599.jpeg 1024w, https:\/\/gerardoduque.com.mx\/wp-content\/uploads\/2024\/06\/WhatsApp-Image-2024-06-12-at-1.06.49-AM-2-980x573.jpeg 980w, https:\/\/gerardoduque.com.mx\/wp-content\/uploads\/2024\/06\/WhatsApp-Image-2024-06-12-at-1.06.49-AM-2-480x281.jpeg 480w\" sizes=\"(min-width: 0px) and (max-width: 480px) 480px, (min-width: 481px) and (max-width: 980px) 980px, (min-width: 981px) 1024px, 100vw\" \/><\/figure>\n\n\n\n<figure class=\"wp-block-image size-large\"><img decoding=\"async\" width=\"665\" height=\"478\" data-id=\"27447\" src=\"https:\/\/gerardoduque.com.mx\/wp-content\/uploads\/2024\/06\/WhatsApp-Image-2024-06-12-at-1.06.49-AM-3.jpeg\" alt=\"\" class=\"wp-image-27447\" srcset=\"https:\/\/gerardoduque.com.mx\/wp-content\/uploads\/2024\/06\/WhatsApp-Image-2024-06-12-at-1.06.49-AM-3.jpeg 665w, https:\/\/gerardoduque.com.mx\/wp-content\/uploads\/2024\/06\/WhatsApp-Image-2024-06-12-at-1.06.49-AM-3-480x345.jpeg 480w\" sizes=\"(min-width: 0px) and (max-width: 480px) 480px, (min-width: 481px) 665px, 100vw\" \/><\/figure>\n\n\n\n<figure class=\"wp-block-image size-large\"><img decoding=\"async\" width=\"1024\" height=\"605\" data-id=\"27449\" src=\"https:\/\/gerardoduque.com.mx\/wp-content\/uploads\/2024\/06\/WhatsApp-Image-2024-06-12-at-1.06.49-AM-1-1024x605.jpeg\" alt=\"\" class=\"wp-image-27449\" srcset=\"https:\/\/gerardoduque.com.mx\/wp-content\/uploads\/2024\/06\/WhatsApp-Image-2024-06-12-at-1.06.49-AM-1-1024x605.jpeg 1024w, https:\/\/gerardoduque.com.mx\/wp-content\/uploads\/2024\/06\/WhatsApp-Image-2024-06-12-at-1.06.49-AM-1-980x579.jpeg 980w, https:\/\/gerardoduque.com.mx\/wp-content\/uploads\/2024\/06\/WhatsApp-Image-2024-06-12-at-1.06.49-AM-1-480x284.jpeg 480w\" sizes=\"(min-width: 0px) and (max-width: 480px) 480px, (min-width: 481px) and (max-width: 980px) 980px, (min-width: 981px) 1024px, 100vw\" \/><\/figure>\n\n\n\n<figure class=\"wp-block-image size-large\"><img decoding=\"async\" width=\"749\" height=\"405\" data-id=\"27448\" src=\"https:\/\/gerardoduque.com.mx\/wp-content\/uploads\/2024\/06\/WhatsApp-Image-2024-06-12-at-1.06.49-AM.jpeg\" alt=\"\" class=\"wp-image-27448\" srcset=\"https:\/\/gerardoduque.com.mx\/wp-content\/uploads\/2024\/06\/WhatsApp-Image-2024-06-12-at-1.06.49-AM.jpeg 749w, https:\/\/gerardoduque.com.mx\/wp-content\/uploads\/2024\/06\/WhatsApp-Image-2024-06-12-at-1.06.49-AM-480x260.jpeg 480w\" sizes=\"(min-width: 0px) and (max-width: 480px) 480px, (min-width: 481px) 749px, 100vw\" \/><\/figure>\n<\/figure>\n","protected":false},"excerpt":{"rendered":"<p>Otro de los padres de familia se\u00f1al\u00f3 que las responsabilidades que hay son compartidas entre el gobierno del estado y el gobierno municipal<\/p>\n","protected":false},"author":4,"featured_media":27446,"comment_status":"closed","ping_status":"closed","sticky":false,"template":"","format":"standard","meta":{"_et_pb_use_builder":"off","_et_pb_old_content":"","_et_gb_content_width":"","footnotes":""},"categories":[412,62],"tags":[66],"class_list":["post-27445","post","type-post","status-publish","format-standard","has-post-thumbnail","hentry","category-destacado","category-redaccion","tag-san-luis-potosi"],"_links":{"self":[{"href":"https:\/\/gerardoduque.com.mx\/index.php?rest_route=\/wp\/v2\/posts\/27445","targetHints":{"allow":["GET"]}}],"collection":[{"href":"https:\/\/gerardoduque.com.mx\/index.php?rest_route=\/wp\/v2\/posts"}],"about":[{"href":"https:\/\/gerardoduque.com.mx\/index.php?rest_route=\/wp\/v2\/types\/post"}],"author":[{"embeddable":true,"href":"https:\/\/gerardoduque.com.mx\/index.php?rest_route=\/wp\/v2\/users\/4"}],"replies":[{"embeddable":true,"href":"https:\/\/gerardoduque.com.mx\/index.php?rest_route=%2Fwp%2Fv2%2Fcomments&post=27445"}],"version-history":[{"count":0,"href":"https:\/\/gerardoduque.com.mx\/index.php?rest_route=\/wp\/v2\/posts\/27445\/revisions"}],"wp:featuredmedia":[{"embeddable":true,"href":"https:\/\/gerardoduque.com.mx\/index.php?rest_route=\/wp\/v2\/media\/27446"}],"wp:attachment":[{"href":"https:\/\/gerardoduque.com.mx\/index.php?rest_route=%2Fwp%2Fv2%2Fmedia&parent=27445"}],"wp:term":[{"taxonomy":"category","embeddable":true,"href":"https:\/\/gerardoduque.com.mx\/index.php?rest_route=%2Fwp%2Fv2%2Fcategories&post=27445"},{"taxonomy":"post_tag","embeddable":true,"href":"https:\/\/gerardoduque.com.mx\/index.php?rest_route=%2Fwp%2Fv2%2Ftags&post=27445"}],"curies":[{"name":"wp","href":"https:\/\/api.w.org\/{rel}","templated":true}]}}